{"id":6631,"date":"2023-01-31T12:40:25","date_gmt":"2023-01-31T12:40:25","guid":{"rendered":"http:\/\/vectura-new.local\/wie-hoch-ist-der-verbrauch-von-elektrofahrzeugen\/"},"modified":"2025-12-16T06:51:24","modified_gmt":"2025-12-16T06:51:24","slug":"wie-hoch-ist-der-verbrauch-von-elektrofahrzeugen","status":"publish","type":"post","link":"https:\/\/vectura.be\/de\/wie-hoch-ist-der-verbrauch-von-elektrofahrzeugen\/","title":{"rendered":"Wie hoch ist der Verbrauch von Elektrofahrzeugen?"},"content":{"rendered":"<div id=\"ez-toc-container\" class=\"ez-toc-v2_0_80 counter-hierarchy ez-toc-counter ez-toc-transparent ez-toc-container-direction\">\n<div class=\"ez-toc-title-container\">\n<p class=\"ez-toc-title\" style=\"cursor:inherit\">Contenu de l&#039;article<\/p>\n<span class=\"ez-toc-title-toggle\"><\/span><\/div>\n<nav><ul class='ez-toc-list ez-toc-list-level-1 ' ><li class='ez-toc-page-1 ez-toc-heading-level-2'><a class=\"ez-toc-link ez-toc-heading-1\" href=\"https:\/\/vectura.be\/de\/wie-hoch-ist-der-verbrauch-von-elektrofahrzeugen\/#Unser_Leitfaden_hilft_Ihnen_den_Verbrauch_eines_Elektrofahrzeugs_im_Jahr_2025_zu_verstehen\" >Unser Leitfaden hilft Ihnen, den Verbrauch eines Elektrofahrzeugs im Jahr 2025 zu verstehen!<\/a><\/li><li class='ez-toc-page-1 ez-toc-heading-level-2'><a class=\"ez-toc-link ez-toc-heading-2\" href=\"https:\/\/vectura.be\/de\/wie-hoch-ist-der-verbrauch-von-elektrofahrzeugen\/#Welche_Faktoren_beeinflussen_den_Verbrauch_eines_Elektrofahrzeugs\" >Welche Faktoren beeinflussen den Verbrauch eines Elektrofahrzeugs?<\/a><\/li><li class='ez-toc-page-1 ez-toc-heading-level-2'><a class=\"ez-toc-link ez-toc-heading-3\" href=\"https:\/\/vectura.be\/de\/wie-hoch-ist-der-verbrauch-von-elektrofahrzeugen\/#Wie_kann_man_den_Verbrauch_eines_Elektroautos_senken\" >Wie kann man den Verbrauch eines Elektroautos senken?<\/a><\/li><\/ul><\/nav><\/div>\n<h2><span class=\"ez-toc-section\" id=\"Unser_Leitfaden_hilft_Ihnen_den_Verbrauch_eines_Elektrofahrzeugs_im_Jahr_2025_zu_verstehen\"><\/span>Unser Leitfaden hilft Ihnen, den Verbrauch eines Elektrofahrzeugs im Jahr 2025 zu verstehen!<span class=\"ez-toc-section-end\"><\/span><\/h2>\n<h3>Wie misst man den Stromverbrauch eines Autos?<\/h3>\n<p>Der <strong>Verbrauch eines Elektrofahrzeugs<\/strong>, ausgedr\u00fcckt in Kilowattstunden (kWh) pro 100 Kilometer, ist ein Indikator, der bei der Bewertung der Energieeffizienz ber\u00fccksichtigt werden muss. Diese Zahl gibt die Energie an, die von der Batterie f\u00fcr eine Strecke von 100 km ben\u00f6tigt wird. Je niedriger diese Zahl ist, desto sparsamer ist das Fahrzeug. Ein Stadtwagen wie der Renault Zoe verbraucht z.B. durchschnittlich 13 kWh\/100 km, w\u00e4hrend ein SUV wie der Audi Q8 e-tron bis zu 20 kWh\/100 km verbraucht.   <\/p>\n<h3>Was verbraucht ein Elektroauto im Durchschnitt?<\/h3>\n<p>Im Gegensatz zu Fahrzeugen mit Verbrennungsmotor, bei denen der Verbrauch in Litern\/100 km gemessen wird, bieten Elektrofahrzeuge eine verbesserte Energieeffizienz.<\/p>\n<h3>Wie hoch ist der Preis f\u00fcr ein Kilowatt im Jahr 2025?<\/h3>\n<p>Wenn man die Stromkosten ber\u00fccksichtigt, die laut GREG im Durchschnitt 0,32 \u20ac\/kWh betragen, kann man leicht den Preis f\u00fcr das Aufladen eines Elektrofahrzeugs ermitteln. Nat\u00fcrlich variiert der Strompreis je nach Ihrem Energieversorger, der Art des abgeschlossenen Vertrages und ob eine Photovoltaikanlage vorhanden ist oder nicht. <\/p>\n<p>&nbsp;<\/p>\n<table border=\"1\" cellspacing=\"0\" cellpadding=\"10\">\n<thead>\n<tr>\n<th>Art des Fahrzeugs<\/th>\n<th>Elektrisch<\/th>\n<th>Benzin<\/th>\n<\/tr>\n<\/thead>\n<tbody>\n<tr>\n<th>Preis f\u00fcr Kraftstoff<\/th>\n<td>0,30 \u20ac\/kWh<\/td>\n<td>1,60 \u20ac\/L<\/td>\n<\/tr>\n<tr>\n<th>Durchschnittlicher Verbrauch\/100km<\/th>\n<td>20kWh<\/td>\n<td>7,5L<\/td>\n<\/tr>\n<tr>\n<th>Kosten f\u00fcr eine Fahrt von 100 km<\/th>\n<td>6,00 \u20ac<\/td>\n<td>12,00 \u20ac<\/td>\n<\/tr>\n<tr>\n<th>Kosten f\u00fcr 40.000 km<\/th>\n<td>2 400 \u20ac<\/td>\n<td>4 800 \u20ac<\/td>\n<\/tr>\n<\/tbody>\n<\/table>\n<h2><\/h2>\n<h2><span class=\"ez-toc-section\" id=\"Welche_Faktoren_beeinflussen_den_Verbrauch_eines_Elektrofahrzeugs\"><\/span>Welche Faktoren beeinflussen den Verbrauch eines Elektrofahrzeugs?<span class=\"ez-toc-section-end\"><\/span><\/h2>\n<h3>1. Gewicht des Fahrzeugs<\/h3>\n<p>Je schwerer ein Fahrzeug ist, desto mehr Energie verbraucht es. Elektrische SUVs sind zwar beliebt, verbrauchen aber aufgrund ihrer gro\u00dfen Masse oft mehr Energie. Wenn Sie ein sparsames Modell suchen, sollten Sie leichte Fahrzeuge wie Stadtautos bevorzugen.  <\/p>\n<h3>2. Aerodynamik und Design<\/h3>\n<p>Ein aerodynamisch geformtes Fahrzeug hat einen geringeren Luftwiderstand und verbraucht weniger Energie. Der Hyundai Ioniq 6 z.B. verbraucht ca. 16 kWh\/100 km, w\u00e4hrend sein weniger aerodynamisches Gegenst\u00fcck, der Ioniq 5, 18 kWh\/100 km erreicht. <\/p>\n<h3>3. Fahrstil<\/h3>\n<p>Eine dynamische Fahrweise mit h\u00e4ufigen Beschleunigungen kann den <strong>Verbrauch eines Elektrofahrzeugs<\/strong> erheblich erh\u00f6hen. Eine sanfte Fahrweise und vorausschauendes Bremsen k\u00f6nnen den Energieverbrauch senken. <\/p>\n<h3>4. Au\u00dfentemperatur<\/h3>\n<p>Die klimatischen Bedingungen haben einen gro\u00dfen Einfluss auf den Verbrauch. Bei kaltem Wetter wird mehr Energie f\u00fcr die Heizung des Innenraums und die Batterie verbraucht. Bei hohen Temperaturen wird die Klimaanlage st\u00e4rker belastet.  <\/p>\n<h3>5. Fahrgeschwindigkeit<\/h3>\n<p>Der Verbrauch steigt bei hohen Geschwindigkeiten exponentiell an. Zum Beispiel : <\/p>\n<ul>\n<li>Bei 110 km\/h: durchschnittlicher Verbrauch von ca. 15 kWh\/100 km.<\/li>\n<li>Bei 130 km\/h: Durchschnittlicher Verbrauch von 20-25 kWh\/100 km, je nach Modell.<\/li>\n<\/ul>\n<img decoding=\"async\" class=\"aligncenter wp-image-4080 size-large\" src=\"https:\/\/vectura.be\/wp-content\/uploads\/2024\/12\/Alfen-38-478x1024.jpg\" alt=\"ladestationen-unternehmen\" width=\"478\" height=\"1024\" srcset=\"https:\/\/vectura.be\/wp-content\/uploads\/2024\/12\/Alfen-38-478x1024.jpg 478w, https:\/\/vectura.be\/wp-content\/uploads\/2024\/12\/Alfen-38-140x300.jpg 140w, https:\/\/vectura.be\/wp-content\/uploads\/2024\/12\/Alfen-38-717x1536.jpg 717w, https:\/\/vectura.be\/wp-content\/uploads\/2024\/12\/Alfen-38.jpg 747w\" sizes=\"(max-width: 478px) 100vw, 478px\" \/>\n<h2><span class=\"ez-toc-section\" id=\"Wie_kann_man_den_Verbrauch_eines_Elektroautos_senken\"><\/span>Wie kann man den Verbrauch eines Elektroautos senken?<span class=\"ez-toc-section-end\"><\/span><\/h2>\n<h3>1. Das richtige Modell w\u00e4hlen<\/h3>\n<p>Die Wahl des Elektrofahrzeugs wirkt sich direkt auf den Energieverbrauch aus. Bevorzugen Sie leichte und aerodynamische Modelle wie Stadtautos oder Kompaktlimousinen, die ideal sind, um die Motorbelastung zu reduzieren. <\/p>\n<p>Eine Batterie mittlerer Kapazit\u00e4t (50 kWh) reicht f\u00fcr den Stadtverkehr aus, w\u00e4hrend eine gr\u00f6\u00dfere Batterie f\u00fcr regelm\u00e4\u00dfige Fahrten auf der Autobahn geeignet ist. Ein gut ausgew\u00e4hltes Fahrzeug kann Kosteneinsparungen und eine optimale Reichweite miteinander verbinden. <\/p>\n<h3>2. Fahren Sie umweltbewusst<\/h3>\n<p>Eine kontrollierte Fahrweise ist f\u00fcr die Optimierung des <strong>Verbrauchs eines Elektrofahrzeugs<\/strong> von entscheidender Bedeutung. Beschr\u00e4nken Sie pl\u00f6tzliche Beschleunigungen, da sie den Motor stark beanspruchen und den Energieverbrauch erh\u00f6hen. Bevorzugen Sie eine allm\u00e4hliche Beschleunigung, um eine stabile und effiziente Nutzung der Batterie zu gew\u00e4hrleisten und gleichzeitig die Reichweite zu verl\u00e4ngern.  <\/p>\n<p>Fahren Sie auf Autobahnen mit m\u00e4\u00dfiger Geschwindigkeit, idealerweise um die 110 km\/h. Bei dieser Geschwindigkeit ist der Luftwiderstand geringer, was zu einem geringeren Energieverbrauch f\u00fchrt, w\u00e4hrend die Reichweite erhalten bleibt. Beispielsweise kann eine Verringerung der Geschwindigkeit um 20 km\/h den Verbrauch auf langen Strecken um 15% bis 20% senken.  <\/p>\n<p>Und schlie\u00dflich sollten Sie das regenerative Bremsen, ein Merkmal von Elektrofahrzeugen, voll ausnutzen. Dieses System nimmt die kinetische Energie beim Abbremsen auf und wandelt sie in Elektrizit\u00e4t um, die dann in der Batterie gespeichert wird. Die intelligente Nutzung dieser Bremsen, insbesondere durch vorausschauendes Bremsen, erh\u00f6ht die Reichweite und verringert die Abnutzung der mechanischen Bremsen. Eine fl\u00fcssige und vorausschauende Fahrweise ist daher Ihr bester Verb\u00fcndeter, um den Kraftstoffverbrauch unter Kontrolle zu halten.   <\/p>\n<h3>3. Strategisch aufladen<\/h3>\n<p>Um die Kosten f\u00fcr das Aufladen Ihres Elektrofahrzeugs zu minimieren, sollten Sie zu <a href=\"https:\/\/vectura.be\/de\/ladationen\/\">Hause<\/a> oder in Unternehmen aufladen, wo die durchschnittlichen Kosten pro kWh wesentlich niedriger sind als an \u00f6ffentlichen Ladestationen. Zum Beispiel kann das Aufladen zu Hause etwa 0,25 \u20ac\/kWh kosten, w\u00e4hrend die Kosten an einer \u00f6ffentlichen Schnellladestation 0,50 \u20ac\/kWh oder mehr betragen. Wenn Sie Ihre Ladesitzungen haupts\u00e4chlich an diesen Orten planen, k\u00f6nnen Sie langfristig erhebliche Einsparungen erzielen.  <\/p>\n<p>Maximieren Sie Ihre Einsparungen noch weiter, indem Sie Ihre <a href=\"https:\/\/vectura.be\/de\/ladationen\/\">Ladestation<\/a> mit <a href=\"https:\/\/vectura.be\/de\/photovoltaische-paneele\/\">Photovoltaikmodulen<\/a> betreiben. Solarenergie erzeugt erneuerbare und nahezu kostenlose Elektrizit\u00e4t, was Ihre Kosten erheblich senkt. Eine gut dimensionierte Photovoltaikanlage kann beispielsweise einen gro\u00dfen Teil Ihres Energiebedarfs f\u00fcr das Aufladen Ihres Fahrzeugs decken, insbesondere wenn Sie w\u00e4hrend der Sonnenstunden aufladen.  <\/p>\n<p>Durch die Kombination von lokalem Laden und Solarenergie optimieren Sie nicht nur Ihre Kosten, sondern tragen auch zu einer nachhaltigeren Mobilit\u00e4t bei, indem Sie Ihren CO2-Fu\u00dfabdruck reduzieren. Dies ist eine ideale L\u00f6sung, um Kosteneinsparungen mit \u00f6kologischem Engagement zu kombinieren. <\/p>\n<h3>4. Begrenzen Sie energieintensive Ger\u00e4te<\/h3>\n<p>Die Nutzung von Heizungs- und Klimaanlagen kann einen erheblichen Einfluss auf den Energieverbrauch Ihres Elektrofahrzeugs haben. Um diese Kosten zu senken, sollten Sie die Sitzheizung der Innenraumheizung vorziehen. Die Sitzheizung ist direkt auf Ihren K\u00f6rperkomfort ausgerichtet und verbraucht viel weniger Energie als eine herk\u00f6mmliche Heizung, die die gesamte Atmosph\u00e4re im Auto auf einer angenehmen Temperatur halten muss.  <\/p>\n<p>Reduzieren Sie auch den \u00fcberm\u00e4\u00dfigen Gebrauch von Klimaanlagen, insbesondere bei voller Leistung. Bevorzugen Sie moderate Einstellungen oder nutzen Sie die nat\u00fcrliche Bel\u00fcftung, wenn dies m\u00f6glich ist. Eine intensive Klimatisierung belastet die Batterie stark und verringert die Reichweite, insbesondere in den Sommermonaten. Um die Effizienz zu steigern, sollten Sie den Innenraum vorklimatisieren, w\u00e4hrend Ihr Fahrzeug noch geladen wird, so dass die Energie direkt von der Ladestation genutzt werden kann, anstatt die Batterie zu belasten.   <\/p>\n<p>Mit diesen kleinen Anpassungen k\u00f6nnen Sie die Reichweite Ihres Fahrzeugs verl\u00e4ngern und gleichzeitig den Gesamtenergieverbrauch senken, ohne Ihr Wohlbefinden an Bord zu beeintr\u00e4chtigen.<\/p>\n<p>M\u00f6chten Sie von der Expertise unserer Spezialisten f\u00fcr die <a href=\"https:\/\/vectura.be\/de\/ladationen\/\">Installation von Ladestationen<\/a> profitieren? <a href=\"https:\/\/vectura.be\/de\/kontakt\/\">Kontaktieren Sie uns<\/a> und lassen Sie uns \u00fcber Ihre Erwartungen und Bed\u00fcrfnisse sprechen.<\/p>\n","protected":false},"excerpt":{"rendered":"<p>Unser Leitfaden hilft Ihnen, den Verbrauch eines Elektrofahrzeugs im Jahr 2025 zu verstehen! Wie misst man den Stromverbrauch eines Autos? Der Verbrauch eines Elektrofahrzeugs, ausgedr\u00fcckt in Kilowattstunden (kWh) pro 100 Kilometer, ist ein Indikator, der bei der Bewertung der Energieeffizienz ber\u00fccksichtigt werden muss. Diese Zahl gibt die Energie an, die von der Batterie f\u00fcr eine [&hellip;]<\/p>\n","protected":false},"author":5,"featured_media":6633,"comment_status":"open","ping_status":"open","sticky":false,"template":"","format":"standard","meta":{"_acf_changed":false,"footnotes":""},"categories":[26],"tags":[],"class_list":["post-6631","post","type-post","status-publish","format-standard","has-post-thumbnail","hentry","category-ladationen"],"acf":[],"yoast_head":"<!-- This site is optimized with the Yoast SEO plugin v26.7 - https:\/\/yoast.com\/wordpress\/plugins\/seo\/ -->\n<title>Wie hoch ist der Verbrauch eines Elektroautos im Jahr 2025?<\/title>\n<meta name=\"description\" content=\"Wir bewegen uns in Richtung Elektro- oder Hybridfahrzeuge, aber was verbrauchen sie an Strom? Ist das finanziell vorteilhaft?\" \/>\n<meta name=\"robots\" content=\"index, follow, max-snippet:-1, max-image-preview:large, max-video-preview:-1\" \/>\n<link rel=\"canonical\" href=\"https:\/\/vectura.be\/de\/wie-hoch-ist-der-verbrauch-von-elektrofahrzeugen\/\" \/>\n<meta property=\"og:locale\" content=\"de_DE\" \/>\n<meta property=\"og:type\" content=\"article\" \/>\n<meta property=\"og:title\" content=\"Wie hoch ist der Verbrauch eines Elektroautos im Jahr 2025?\" \/>\n<meta property=\"og:description\" content=\"Wir bewegen uns in Richtung Elektro- oder Hybridfahrzeuge, aber was verbrauchen sie an Strom? Ist das finanziell vorteilhaft?\" \/>\n<meta property=\"og:url\" content=\"https:\/\/vectura.be\/de\/wie-hoch-ist-der-verbrauch-von-elektrofahrzeugen\/\" \/>\n<meta property=\"og:site_name\" content=\"Vectura\" \/>\n<meta property=\"article:publisher\" content=\"https:\/\/www.facebook.com\/Vectura-106260158282055\" \/>\n<meta property=\"article:published_time\" content=\"2023-01-31T12:40:25+00:00\" \/>\n<meta property=\"article:modified_time\" content=\"2025-12-16T06:51:24+00:00\" \/>\n<meta property=\"og:image\" content=\"https:\/\/vectura.be\/wp-content\/uploads\/2023\/01\/WALLBOX-DAY1-9.jpg\" \/>\n\t<meta property=\"og:image:width\" content=\"1920\" \/>\n\t<meta property=\"og:image:height\" content=\"1282\" \/>\n\t<meta property=\"og:image:type\" content=\"image\/jpeg\" \/>\n<meta name=\"author\" content=\"Marc Nihon\" \/>\n<meta name=\"twitter:card\" content=\"summary_large_image\" \/>\n<meta name=\"twitter:label1\" content=\"Verfasst von\" \/>\n\t<meta name=\"twitter:data1\" content=\"Marc Nihon\" \/>\n\t<meta name=\"twitter:label2\" content=\"Gesch\u00e4tzte Lesezeit\" \/>\n\t<meta name=\"twitter:data2\" content=\"5\u00a0Minute\" \/>\n<script type=\"application\/ld+json\" class=\"yoast-schema-graph\">{\"@context\":\"https:\/\/schema.org\",\"@graph\":[{\"@type\":\"Article\",\"@id\":\"https:\/\/vectura.be\/de\/wie-hoch-ist-der-verbrauch-von-elektrofahrzeugen\/#article\",\"isPartOf\":{\"@id\":\"https:\/\/vectura.be\/de\/wie-hoch-ist-der-verbrauch-von-elektrofahrzeugen\/\"},\"author\":{\"name\":\"Marc Nihon\",\"@id\":\"https:\/\/vectura.be\/de\/#\/schema\/person\/b59469ea3d3b4d2f887ecc1ca89ca39b\"},\"headline\":\"Wie hoch ist der Verbrauch von Elektrofahrzeugen?\",\"datePublished\":\"2023-01-31T12:40:25+00:00\",\"dateModified\":\"2025-12-16T06:51:24+00:00\",\"mainEntityOfPage\":{\"@id\":\"https:\/\/vectura.be\/de\/wie-hoch-ist-der-verbrauch-von-elektrofahrzeugen\/\"},\"wordCount\":1033,\"commentCount\":0,\"image\":{\"@id\":\"https:\/\/vectura.be\/de\/wie-hoch-ist-der-verbrauch-von-elektrofahrzeugen\/#primaryimage\"},\"thumbnailUrl\":\"https:\/\/vectura.be\/wp-content\/uploads\/2023\/01\/WALLBOX-DAY1-9.jpg\",\"articleSection\":[\"Ladationen\"],\"inLanguage\":\"de\",\"potentialAction\":[{\"@type\":\"CommentAction\",\"name\":\"Comment\",\"target\":[\"https:\/\/vectura.be\/de\/wie-hoch-ist-der-verbrauch-von-elektrofahrzeugen\/#respond\"]}]},{\"@type\":\"WebPage\",\"@id\":\"https:\/\/vectura.be\/de\/wie-hoch-ist-der-verbrauch-von-elektrofahrzeugen\/\",\"url\":\"https:\/\/vectura.be\/de\/wie-hoch-ist-der-verbrauch-von-elektrofahrzeugen\/\",\"name\":\"Wie hoch ist der Verbrauch eines Elektroautos im Jahr 2025?\",\"isPartOf\":{\"@id\":\"https:\/\/vectura.be\/de\/#website\"},\"primaryImageOfPage\":{\"@id\":\"https:\/\/vectura.be\/de\/wie-hoch-ist-der-verbrauch-von-elektrofahrzeugen\/#primaryimage\"},\"image\":{\"@id\":\"https:\/\/vectura.be\/de\/wie-hoch-ist-der-verbrauch-von-elektrofahrzeugen\/#primaryimage\"},\"thumbnailUrl\":\"https:\/\/vectura.be\/wp-content\/uploads\/2023\/01\/WALLBOX-DAY1-9.jpg\",\"datePublished\":\"2023-01-31T12:40:25+00:00\",\"dateModified\":\"2025-12-16T06:51:24+00:00\",\"author\":{\"@id\":\"https:\/\/vectura.be\/de\/#\/schema\/person\/b59469ea3d3b4d2f887ecc1ca89ca39b\"},\"description\":\"Wir bewegen uns in Richtung Elektro- oder Hybridfahrzeuge, aber was verbrauchen sie an Strom? Ist das finanziell vorteilhaft?\",\"breadcrumb\":{\"@id\":\"https:\/\/vectura.be\/de\/wie-hoch-ist-der-verbrauch-von-elektrofahrzeugen\/#breadcrumb\"},\"inLanguage\":\"de\",\"potentialAction\":[{\"@type\":\"ReadAction\",\"target\":[\"https:\/\/vectura.be\/de\/wie-hoch-ist-der-verbrauch-von-elektrofahrzeugen\/\"]}]},{\"@type\":\"ImageObject\",\"inLanguage\":\"de\",\"@id\":\"https:\/\/vectura.be\/de\/wie-hoch-ist-der-verbrauch-von-elektrofahrzeugen\/#primaryimage\",\"url\":\"https:\/\/vectura.be\/wp-content\/uploads\/2023\/01\/WALLBOX-DAY1-9.jpg\",\"contentUrl\":\"https:\/\/vectura.be\/wp-content\/uploads\/2023\/01\/WALLBOX-DAY1-9.jpg\",\"width\":1920,\"height\":1282,\"caption\":\"Was-ist-der-Verbrauch-eines-Elektroautos-belgisch-wallonisch\"},{\"@type\":\"BreadcrumbList\",\"@id\":\"https:\/\/vectura.be\/de\/wie-hoch-ist-der-verbrauch-von-elektrofahrzeugen\/#breadcrumb\",\"itemListElement\":[{\"@type\":\"ListItem\",\"position\":1,\"name\":\"Home\",\"item\":\"https:\/\/vectura.be\/de\/\"},{\"@type\":\"ListItem\",\"position\":2,\"name\":\"Wie hoch ist der Verbrauch von Elektrofahrzeugen?\"}]},{\"@type\":\"WebSite\",\"@id\":\"https:\/\/vectura.be\/de\/#website\",\"url\":\"https:\/\/vectura.be\/de\/\",\"name\":\"Vectura\",\"description\":\"Bornes de recharge pour v\u00e9hicules \u00e9lectriques.\",\"potentialAction\":[{\"@type\":\"SearchAction\",\"target\":{\"@type\":\"EntryPoint\",\"urlTemplate\":\"https:\/\/vectura.be\/de\/?s={search_term_string}\"},\"query-input\":{\"@type\":\"PropertyValueSpecification\",\"valueRequired\":true,\"valueName\":\"search_term_string\"}}],\"inLanguage\":\"de\"},{\"@type\":\"Person\",\"@id\":\"https:\/\/vectura.be\/de\/#\/schema\/person\/b59469ea3d3b4d2f887ecc1ca89ca39b\",\"name\":\"Marc Nihon\",\"image\":{\"@type\":\"ImageObject\",\"inLanguage\":\"de\",\"@id\":\"https:\/\/vectura.be\/de\/#\/schema\/person\/image\/\",\"url\":\"https:\/\/secure.gravatar.com\/avatar\/a62d797c49bc5dc50a873c63509b5069661d66a4af0494bd15d1d83918ef9cc4?s=96&d=mm&r=g\",\"contentUrl\":\"https:\/\/secure.gravatar.com\/avatar\/a62d797c49bc5dc50a873c63509b5069661d66a4af0494bd15d1d83918ef9cc4?s=96&d=mm&r=g\",\"caption\":\"Marc Nihon\"},\"url\":\"https:\/\/vectura.be\/de\/author\/marcnihon\/\"}]}<\/script>\n<!-- \/ Yoast SEO plugin. -->","yoast_head_json":{"title":"Wie hoch ist der Verbrauch eines Elektroautos im Jahr 2025?","description":"Wir bewegen uns in Richtung Elektro- oder Hybridfahrzeuge, aber was verbrauchen sie an Strom? Ist das finanziell vorteilhaft?","robots":{"index":"index","follow":"follow","max-snippet":"max-snippet:-1","max-image-preview":"max-image-preview:large","max-video-preview":"max-video-preview:-1"},"canonical":"https:\/\/vectura.be\/de\/wie-hoch-ist-der-verbrauch-von-elektrofahrzeugen\/","og_locale":"de_DE","og_type":"article","og_title":"Wie hoch ist der Verbrauch eines Elektroautos im Jahr 2025?","og_description":"Wir bewegen uns in Richtung Elektro- oder Hybridfahrzeuge, aber was verbrauchen sie an Strom? Ist das finanziell vorteilhaft?","og_url":"https:\/\/vectura.be\/de\/wie-hoch-ist-der-verbrauch-von-elektrofahrzeugen\/","og_site_name":"Vectura","article_publisher":"https:\/\/www.facebook.com\/Vectura-106260158282055","article_published_time":"2023-01-31T12:40:25+00:00","article_modified_time":"2025-12-16T06:51:24+00:00","og_image":[{"width":1920,"height":1282,"url":"https:\/\/vectura.be\/wp-content\/uploads\/2023\/01\/WALLBOX-DAY1-9.jpg","type":"image\/jpeg"}],"author":"Marc Nihon","twitter_card":"summary_large_image","twitter_misc":{"Verfasst von":"Marc Nihon","Gesch\u00e4tzte Lesezeit":"5\u00a0Minute"},"schema":{"@context":"https:\/\/schema.org","@graph":[{"@type":"Article","@id":"https:\/\/vectura.be\/de\/wie-hoch-ist-der-verbrauch-von-elektrofahrzeugen\/#article","isPartOf":{"@id":"https:\/\/vectura.be\/de\/wie-hoch-ist-der-verbrauch-von-elektrofahrzeugen\/"},"author":{"name":"Marc Nihon","@id":"https:\/\/vectura.be\/de\/#\/schema\/person\/b59469ea3d3b4d2f887ecc1ca89ca39b"},"headline":"Wie hoch ist der Verbrauch von Elektrofahrzeugen?","datePublished":"2023-01-31T12:40:25+00:00","dateModified":"2025-12-16T06:51:24+00:00","mainEntityOfPage":{"@id":"https:\/\/vectura.be\/de\/wie-hoch-ist-der-verbrauch-von-elektrofahrzeugen\/"},"wordCount":1033,"commentCount":0,"image":{"@id":"https:\/\/vectura.be\/de\/wie-hoch-ist-der-verbrauch-von-elektrofahrzeugen\/#primaryimage"},"thumbnailUrl":"https:\/\/vectura.be\/wp-content\/uploads\/2023\/01\/WALLBOX-DAY1-9.jpg","articleSection":["Ladationen"],"inLanguage":"de","potentialAction":[{"@type":"CommentAction","name":"Comment","target":["https:\/\/vectura.be\/de\/wie-hoch-ist-der-verbrauch-von-elektrofahrzeugen\/#respond"]}]},{"@type":"WebPage","@id":"https:\/\/vectura.be\/de\/wie-hoch-ist-der-verbrauch-von-elektrofahrzeugen\/","url":"https:\/\/vectura.be\/de\/wie-hoch-ist-der-verbrauch-von-elektrofahrzeugen\/","name":"Wie hoch ist der Verbrauch eines Elektroautos im Jahr 2025?","isPartOf":{"@id":"https:\/\/vectura.be\/de\/#website"},"primaryImageOfPage":{"@id":"https:\/\/vectura.be\/de\/wie-hoch-ist-der-verbrauch-von-elektrofahrzeugen\/#primaryimage"},"image":{"@id":"https:\/\/vectura.be\/de\/wie-hoch-ist-der-verbrauch-von-elektrofahrzeugen\/#primaryimage"},"thumbnailUrl":"https:\/\/vectura.be\/wp-content\/uploads\/2023\/01\/WALLBOX-DAY1-9.jpg","datePublished":"2023-01-31T12:40:25+00:00","dateModified":"2025-12-16T06:51:24+00:00","author":{"@id":"https:\/\/vectura.be\/de\/#\/schema\/person\/b59469ea3d3b4d2f887ecc1ca89ca39b"},"description":"Wir bewegen uns in Richtung Elektro- oder Hybridfahrzeuge, aber was verbrauchen sie an Strom? Ist das finanziell vorteilhaft?","breadcrumb":{"@id":"https:\/\/vectura.be\/de\/wie-hoch-ist-der-verbrauch-von-elektrofahrzeugen\/#breadcrumb"},"inLanguage":"de","potentialAction":[{"@type":"ReadAction","target":["https:\/\/vectura.be\/de\/wie-hoch-ist-der-verbrauch-von-elektrofahrzeugen\/"]}]},{"@type":"ImageObject","inLanguage":"de","@id":"https:\/\/vectura.be\/de\/wie-hoch-ist-der-verbrauch-von-elektrofahrzeugen\/#primaryimage","url":"https:\/\/vectura.be\/wp-content\/uploads\/2023\/01\/WALLBOX-DAY1-9.jpg","contentUrl":"https:\/\/vectura.be\/wp-content\/uploads\/2023\/01\/WALLBOX-DAY1-9.jpg","width":1920,"height":1282,"caption":"Was-ist-der-Verbrauch-eines-Elektroautos-belgisch-wallonisch"},{"@type":"BreadcrumbList","@id":"https:\/\/vectura.be\/de\/wie-hoch-ist-der-verbrauch-von-elektrofahrzeugen\/#breadcrumb","itemListElement":[{"@type":"ListItem","position":1,"name":"Home","item":"https:\/\/vectura.be\/de\/"},{"@type":"ListItem","position":2,"name":"Wie hoch ist der Verbrauch von Elektrofahrzeugen?"}]},{"@type":"WebSite","@id":"https:\/\/vectura.be\/de\/#website","url":"https:\/\/vectura.be\/de\/","name":"Vectura","description":"Bornes de recharge pour v\u00e9hicules \u00e9lectriques.","potentialAction":[{"@type":"SearchAction","target":{"@type":"EntryPoint","urlTemplate":"https:\/\/vectura.be\/de\/?s={search_term_string}"},"query-input":{"@type":"PropertyValueSpecification","valueRequired":true,"valueName":"search_term_string"}}],"inLanguage":"de"},{"@type":"Person","@id":"https:\/\/vectura.be\/de\/#\/schema\/person\/b59469ea3d3b4d2f887ecc1ca89ca39b","name":"Marc Nihon","image":{"@type":"ImageObject","inLanguage":"de","@id":"https:\/\/vectura.be\/de\/#\/schema\/person\/image\/","url":"https:\/\/secure.gravatar.com\/avatar\/a62d797c49bc5dc50a873c63509b5069661d66a4af0494bd15d1d83918ef9cc4?s=96&d=mm&r=g","contentUrl":"https:\/\/secure.gravatar.com\/avatar\/a62d797c49bc5dc50a873c63509b5069661d66a4af0494bd15d1d83918ef9cc4?s=96&d=mm&r=g","caption":"Marc Nihon"},"url":"https:\/\/vectura.be\/de\/author\/marcnihon\/"}]}},"_links":{"self":[{"href":"https:\/\/vectura.be\/de\/wp-json\/wp\/v2\/posts\/6631","targetHints":{"allow":["GET"]}}],"collection":[{"href":"https:\/\/vectura.be\/de\/wp-json\/wp\/v2\/posts"}],"about":[{"href":"https:\/\/vectura.be\/de\/wp-json\/wp\/v2\/types\/post"}],"author":[{"embeddable":true,"href":"https:\/\/vectura.be\/de\/wp-json\/wp\/v2\/users\/5"}],"replies":[{"embeddable":true,"href":"https:\/\/vectura.be\/de\/wp-json\/wp\/v2\/comments?post=6631"}],"version-history":[{"count":1,"href":"https:\/\/vectura.be\/de\/wp-json\/wp\/v2\/posts\/6631\/revisions"}],"predecessor-version":[{"id":6634,"href":"https:\/\/vectura.be\/de\/wp-json\/wp\/v2\/posts\/6631\/revisions\/6634"}],"wp:featuredmedia":[{"embeddable":true,"href":"https:\/\/vectura.be\/de\/wp-json\/wp\/v2\/media\/6633"}],"wp:attachment":[{"href":"https:\/\/vectura.be\/de\/wp-json\/wp\/v2\/media?parent=6631"}],"wp:term":[{"taxonomy":"category","embeddable":true,"href":"https:\/\/vectura.be\/de\/wp-json\/wp\/v2\/categories?post=6631"},{"taxonomy":"post_tag","embeddable":true,"href":"https:\/\/vectura.be\/de\/wp-json\/wp\/v2\/tags?post=6631"}],"curies":[{"name":"wp","href":"https:\/\/api.w.org\/{rel}","templated":true}]}}