{"id":5824,"date":"2025-02-20T11:44:26","date_gmt":"2025-02-20T11:44:26","guid":{"rendered":"http:\/\/vectura-new.local\/abzug-fuer-investitionen-in-belgien-aktuelle-informationen-2025\/"},"modified":"2025-12-10T12:43:38","modified_gmt":"2025-12-10T12:43:38","slug":"abzug-fuer-investitionen-in-belgien-aktuelle-informationen-2025","status":"publish","type":"post","link":"https:\/\/vectura.be\/de\/abzug-fuer-investitionen-in-belgien-aktuelle-informationen-2025\/","title":{"rendered":"Abzug f\u00fcr Investitionen in Belgien &#8211; Aktuelle Informationen 2025"},"content":{"rendered":"<div id=\"ez-toc-container\" class=\"ez-toc-v2_0_80 counter-hierarchy ez-toc-counter ez-toc-transparent ez-toc-container-direction\">\n<div class=\"ez-toc-title-container\">\n<p class=\"ez-toc-title\" style=\"cursor:inherit\">Contenu de l&#039;article<\/p>\n<span class=\"ez-toc-title-toggle\"><\/span><\/div>\n<nav><ul class='ez-toc-list ez-toc-list-level-1 ' ><li class='ez-toc-page-1 ez-toc-heading-level-2'><a class=\"ez-toc-link ez-toc-heading-1\" href=\"https:\/\/vectura.be\/de\/abzug-fuer-investitionen-in-belgien-aktuelle-informationen-2025\/#Steuerliche_Neuerungen_in_Bezug_auf_Investitionen_fuer_belgische_Unternehmen_ab_dem_1_Januar_2025\" >Steuerliche Neuerungen in Bezug auf Investitionen f\u00fcr belgische Unternehmen ab dem 1. Januar 2025<\/a><\/li><li class='ez-toc-page-1 ez-toc-heading-level-2'><a class=\"ez-toc-link ez-toc-heading-2\" href=\"https:\/\/vectura.be\/de\/abzug-fuer-investitionen-in-belgien-aktuelle-informationen-2025\/#Was_ist_der_gruene_Investitionsabzug\" >Was ist der gr\u00fcne Investitionsabzug?<\/a><\/li><li class='ez-toc-page-1 ez-toc-heading-level-2'><a class=\"ez-toc-link ez-toc-heading-3\" href=\"https:\/\/vectura.be\/de\/abzug-fuer-investitionen-in-belgien-aktuelle-informationen-2025\/#Wer_kann_den_Abzug_fuer_gruene_Investitionen_in_Anspruch_nehmen\" >Wer kann den Abzug f\u00fcr gr\u00fcne Investitionen in Anspruch nehmen?<\/a><\/li><li class='ez-toc-page-1 ez-toc-heading-level-2'><a class=\"ez-toc-link ez-toc-heading-4\" href=\"https:\/\/vectura.be\/de\/abzug-fuer-investitionen-in-belgien-aktuelle-informationen-2025\/#Was_sind_die_Bedingungen_fuer_die_Inanspruchnahme_dieser_Steueranreize\" >Was sind die Bedingungen f\u00fcr die Inanspruchnahme dieser Steueranreize?<\/a><\/li><li class='ez-toc-page-1 ez-toc-heading-level-2'><a class=\"ez-toc-link ez-toc-heading-5\" href=\"https:\/\/vectura.be\/de\/abzug-fuer-investitionen-in-belgien-aktuelle-informationen-2025\/#Welche_Formalitaeten_sind_zu_erfuellen\" >Welche Formalit\u00e4ten sind zu erf\u00fcllen?<\/a><\/li><li class='ez-toc-page-1 ez-toc-heading-level-2'><a class=\"ez-toc-link ez-toc-heading-6\" href=\"https:\/\/vectura.be\/de\/abzug-fuer-investitionen-in-belgien-aktuelle-informationen-2025\/#Wie_funktioniert_der_Abzug_und_wie_wird_er_angewendet\" >Wie funktioniert der Abzug und wie wird er angewendet?<\/a><\/li><li class='ez-toc-page-1 ez-toc-heading-level-2'><a class=\"ez-toc-link ez-toc-heading-7\" href=\"https:\/\/vectura.be\/de\/abzug-fuer-investitionen-in-belgien-aktuelle-informationen-2025\/#Welche_Investitionen_sind_von_diesen_neuen_Steuervorschriften_ausgeschlossen\" >Welche Investitionen sind von diesen neuen Steuervorschriften ausgeschlossen?<\/a><\/li><li class='ez-toc-page-1 ez-toc-heading-level-2'><a class=\"ez-toc-link ez-toc-heading-8\" href=\"https:\/\/vectura.be\/de\/abzug-fuer-investitionen-in-belgien-aktuelle-informationen-2025\/#Warum_sollten_Sie_Vectura_fuer_Ihre_gruenen_Investitionen_waehlen\" >Warum sollten Sie Vectura f\u00fcr Ihre gr\u00fcnen Investitionen w\u00e4hlen?<\/a><\/li><\/ul><\/nav><\/div>\n<h2 data-pm-slice=\"1 1 []\"><span class=\"ez-toc-section\" id=\"Steuerliche_Neuerungen_in_Bezug_auf_Investitionen_fuer_belgische_Unternehmen_ab_dem_1_Januar_2025\"><\/span>Steuerliche Neuerungen in Bezug auf Investitionen f\u00fcr belgische Unternehmen ab dem 1. Januar 2025<span class=\"ez-toc-section-end\"><\/span><\/h2>\n<p data-pm-slice=\"1 1 []\">Der Energiewandel ist ein wichtiges Thema f\u00fcr Privatpersonen und Unternehmen in Belgien. Um Anreize f\u00fcr Investitionen in nachhaltige L\u00f6sungen wie Ladationen f\u00fcr Elektrofahrzeuge oder Photovoltaikanlagen zu schaffen, hat die belgische Regierung den <strong>gr\u00fcnen Investitionsabzug<\/strong> eingef\u00fchrt. Diese Steuerma\u00dfnahme reduziert den Betrag, auf den die Steuer berechnet wird, und f\u00f6rdert gleichzeitig die Einf\u00fchrung von umweltfreundlichen Technologien. Aber wie funktioniert das? Vectura, Ihr Spezialist f\u00fcr Energiel\u00f6sungen, erkl\u00e4rt es Ihnen in diesem Artikel.    <\/p>\n<h2><span class=\"ez-toc-section\" id=\"Was_ist_der_gruene_Investitionsabzug\"><\/span>Was ist der gr\u00fcne Investitionsabzug?<span class=\"ez-toc-section-end\"><\/span><\/h2>\n<p data-pm-slice=\"1 1 []\">Der <strong>Abzug f\u00fcr gr\u00fcne Investitionen<\/strong> ist eine belgische Steuerma\u00dfnahme, die Privatpersonen und Unternehmen dazu anregen soll, umweltfreundliche Investitionen zu t\u00e4tigen. Er erm\u00f6glicht eine direkte Reduzierung der Steuerbemessungsgrundlage durch Anwendung eines bestimmten Prozentsatzes auf den Wert der f\u00f6rderf\u00e4higen Anlagen. Diese Ma\u00dfnahme soll die Einf\u00fchrung umweltfreundlicher Technologien f\u00f6rdern und gleichzeitig die Steuerlast der Steuerzahler senken.  <\/p>\n<p>F\u00fcr 2025 gelten die folgenden S\u00e4tze f\u00fcr die verschiedenen Arten von gr\u00fcnen Investitionen :<\/p>\n<ul data-spread=\"true\">\n<li><strong>Ladeinfrastruktur f\u00fcr Elektrofahrzeuge<\/strong>: Diese Infrastruktur, die f\u00fcr die Unterst\u00fctzung der nachhaltigen Mobilit\u00e4t von wesentlicher Bedeutung ist, kann von KMU bis zu <strong>40%<\/strong> und von gro\u00dfen Unternehmen bis zu <strong>30%<\/strong> steuerlich abgesetzt werden.<\/li>\n<li><strong>Photovoltaikpaneele und Energiesparsysteme<\/strong>: Mit einem Abzug von <strong>15,5%<\/strong> in den Jahren 2023 und 2024 wird f\u00fcr diese Ausr\u00fcstungen ein erh\u00f6hter Abzug in 2025 gew\u00e4hrt, der f\u00fcr KMU <strong>40%<\/strong> erreichen kann.<\/li>\n<li><strong>Kohlenstofffreie Lastkraftwagen und zugeh\u00f6rige Infrastruktur<\/strong>: Unternehmen, die in elektrische oder wasserstoffbetriebene schwere Nutzfahrzeuge und die dazugeh\u00f6rige Ladeinfrastruktur investieren, k\u00f6nnen je nach Gr\u00f6\u00dfe im Jahr 2025 von einem Abzug zwischen <strong>30% und 40%<\/strong> profitieren.<\/li>\n<\/ul>\n<p>Diese Prozents\u00e4tze werden auf den Investitions- oder Kostenwert des Anlageverm\u00f6gens berechnet und bieten eine sofortige Reduzierung der Steuerkosten, w\u00e4hrend sie gleichzeitig die Einf\u00fchrung umweltfreundlicher Praktiken f\u00f6rdern.<\/p>\n<h2><span class=\"ez-toc-section\" id=\"Wer_kann_den_Abzug_fuer_gruene_Investitionen_in_Anspruch_nehmen\"><\/span>Wer kann den Abzug f\u00fcr gr\u00fcne Investitionen in Anspruch nehmen?<span class=\"ez-toc-section-end\"><\/span><\/h2>\n<p data-pm-slice=\"1 1 []\">Der <strong>Abzug f\u00fcr gr\u00fcne Investitionen<\/strong> richtet sich an ein breites Publikum, das sowohl Unternehmen als auch Freiberufler umfasst. Die Hauptbeg\u00fcnstigten sind <\/p>\n<ul data-spread=\"true\">\n<li><strong>Industrie-, Handels- und Landwirtschaftsunternehmen<\/strong>: Unabh\u00e4ngig davon, ob sie von nat\u00fcrlichen oder juristischen Personen betrieben werden, k\u00f6nnen diese Unternehmen diese Ma\u00dfnahme nutzen, um ihre Steuerbemessungsgrundlage zu reduzieren und gleichzeitig zur Energiewende beizutragen.<\/li>\n<li><strong>Inhaber eines freien Berufs<\/strong>: Anw\u00e4lte, \u00c4rzte, Architekten und andere freie Berufe k\u00f6nnen ebenfalls von diesem Abzug profitieren, wenn sie die Kriterien f\u00fcr die Berechtigung erf\u00fcllen.<\/li>\n<\/ul>\n<h2><span class=\"ez-toc-section\" id=\"Was_sind_die_Bedingungen_fuer_die_Inanspruchnahme_dieser_Steueranreize\"><\/span>Was sind die Bedingungen f\u00fcr die Inanspruchnahme dieser Steueranreize?<span class=\"ez-toc-section-end\"><\/span><\/h2>\n<p>Damit Investitionen im Rahmen des <strong>Abzugs f\u00fcr gr\u00fcne Investitionen<\/strong> ber\u00fccksichtigt werden k\u00f6nnen, m\u00fcssen sie die folgenden Kriterien erf\u00fcllen: <\/p>\n<ol start=\"1\" data-spread=\"true\">\n<li><strong>Abschreibbare Anlagen<\/strong>: Die erworbenen G\u00fcter m\u00fcssen f\u00fcr die berufliche T\u00e4tigkeit bestimmt und abschreibbar sein.<\/li>\n<li><strong>Erwerb<\/strong> im <strong>Neuzustand<\/strong>: Die Investitionen m\u00fcssen im Jahr oder Gesch\u00e4ftsjahr im Neuzustand erworben oder errichtet worden sein.<\/li>\n<li><strong>Nutzung in Belgien<\/strong>: Die Anlagewerte m\u00fcssen f\u00fcr eine berufliche T\u00e4tigkeit in Belgien genutzt werden.<\/li>\n<\/ol>\n<p>Als Installateur von Ladestationen und Photovoltaikanlagen hilft Vectura Ihnen, diese Steuervorteile zu nutzen, indem es Ihre Wahl der Ausr\u00fcstung optimiert.<\/p>\n<h2><span class=\"ez-toc-section\" id=\"Welche_Formalitaeten_sind_zu_erfuellen\"><\/span>Welche Formalit\u00e4ten sind zu erf\u00fcllen?<span class=\"ez-toc-section-end\"><\/span><\/h2>\n<p data-pm-slice=\"1 1 []\">Um den <strong>Abzug f\u00fcr gr\u00fcne Investitionen in<\/strong> Anspruch nehmen zu k\u00f6nnen, m\u00fcssen bestimmte Verwaltungsformalit\u00e4ten eingehalten werden, um die F\u00f6rderf\u00e4higkeit und die Transparenz des Verfahrens zu gew\u00e4hrleisten. Dies sind die wichtigsten Schritte: <\/p>\n<h3>1. F\u00fcllen Sie ein spezielles Formular aus<\/h3>\n<ul data-spread=\"false\">\n<li><strong>Nat\u00fcrliche Personen<\/strong>: Einzelne Steuerzahler m\u00fcssen das Formular <strong>276U<\/strong> ihrer Steuererkl\u00e4rung beif\u00fcgen.<\/li>\n<li><strong>Unternehmen<\/strong>: Unternehmen m\u00fcssen die Registerkarte <strong>275U<\/strong> ausf\u00fcllen \u00fcber <strong><a href=\"http:\/\/www.biztax.be\/\">Biztax<\/a><\/strong> bei der Einreichung ihrer K\u00f6rperschaftsteuererkl\u00e4rung.<\/li>\n<\/ul>\n<p>Diese Formulare erm\u00f6glichen es, die get\u00e4tigten Investitionen zu melden und ihre F\u00f6rderf\u00e4higkeit zu bescheinigen.<\/p>\n<h3>2. 2. Belege zur Verf\u00fcgung halten<\/h3>\n<ul data-spread=\"false\">\n<li><strong>Anlageverzeichnis<\/strong>: Mit Angabe des Anschaffungsdatums, des Investitionswerts, der Abschreibungsdauer und der beruflichen Zuordnung.<\/li>\n<li><strong>Bescheinigungen f\u00fcr gr\u00fcne Investitionen<\/strong>: Werden von der zust\u00e4ndigen regionalen Verwaltung ausgestellt (z.B. <strong>Br\u00fcssel Umwelt<\/strong>, <strong>SPW<\/strong> f\u00fcr Wallonien).<\/li>\n<\/ul>\n<p>Diese Dokumente m\u00fcssen im Falle einer Steuerpr\u00fcfung verf\u00fcgbar sein, um die Richtigkeit der Ausgaben zu beweisen.<\/p>\n<p>Vectura unterst\u00fctzt seine Kunden bei diesen Schritten und stellt ihnen alle technischen Informationen und Dokumente zur Verf\u00fcgung, die erforderlich sind, um den Prozess zu vereinfachen.<\/p>\n<h2><span class=\"ez-toc-section\" id=\"Wie_funktioniert_der_Abzug_und_wie_wird_er_angewendet\"><\/span>Wie funktioniert der Abzug und wie wird er angewendet?<span class=\"ez-toc-section-end\"><\/span><\/h2>\n<p data-sourcepos=\"1:1-1:37\"><strong>Wie funktioniert der Abzug?<\/strong><\/p>\n<p data-sourcepos=\"3:1-3:113\">Der Investitionsabzug wird auf Ihre Gewinne in dem Jahr angewendet, in dem Sie die f\u00f6rderf\u00e4higen G\u00fcter erworben haben.<\/p>\n<p data-sourcepos=\"5:1-5:27\"><strong>Hier sind die wichtigsten Punkte:<\/strong><\/p>\n<ul data-sourcepos=\"7:1-14:0\">\n<li data-sourcepos=\"7:1-7:107\"><strong>Zeitpunkt des Abzugs:<\/strong> Sie beantragen den Abzug in dem Jahr, in dem Sie die Investition t\u00e4tigen.<\/li>\n<li data-sourcepos=\"8:1-10:124\"><strong>Zwei Optionen:<\/strong> Sie haben die Wahl zwischen zwei Methoden:\n<ol data-sourcepos=\"9:5-10:124\">\n<li data-sourcepos=\"9:5-9:88\"><strong>Sofortiger Abzug:<\/strong> Reduzieren Sie Ihren steuerpflichtigen Gewinn f\u00fcr dieses Jahr.<\/li>\n<li data-sourcepos=\"10:5-10:124\"><strong>Gestaffelter Abzug:<\/strong> Verteilen Sie den Abzug \u00fcber den Abschreibungszeitraum der Immobilie (weitere Einzelheiten siehe unten).<\/li>\n<\/ol>\n<\/li>\n<li data-sourcepos=\"11:1-11:146\"><strong>F\u00fcr nat\u00fcrliche Personen:<\/strong> Der Abzug gilt <em>vor dem<\/em> Ausgleich von Verlusten aus anderen beruflichen T\u00e4tigkeiten.<\/li>\n<li data-sourcepos=\"12:1-12:123\"><strong>F\u00fcr Unternehmen:<\/strong> Der Abzug wird <em>als letzter<\/em> Abzug nach allen anderen Abz\u00fcgen und Ausgleichszahlungen angewendet.<\/li>\n<li data-sourcepos=\"13:1-14:0\"><strong>Nicht genutzter Abzug:<\/strong> Wenn Ihr Gewinn <strong>nicht<\/strong> ausreicht, um den gesamten Abzug zu nutzen, wird er auf die folgenden Jahre \u00fcbertragen (ohne zeitliche Begrenzung). Es gibt jedoch eine Grenze f\u00fcr den Betrag des \u00fcbertragenen Abzugs, den Sie jedes Jahr nutzen k\u00f6nnen. F\u00fcr den Basisabzug von 8% (oder 20%) ist der \u00dcbertrag des Abzugs, der aufgrund fehlender Gewinne nicht gew\u00e4hrt wird, <em>jedoch<\/em> auf das n\u00e4chste Jahr begrenzt. <\/li>\n<\/ul>\n<p data-sourcepos=\"15:1-15:41\"><strong>Was ist der &#8222;gestaffelte Abzug&#8220;?<\/strong><\/p>\n<p data-sourcepos=\"17:1-17:387\">Der &#8222;gestaffelte Abzug&#8220; erm\u00f6glicht es Ihnen, den Abzug \u00fcber die Jahre zu verteilen, in denen Sie die Immobilie abschreiben. Anstelle eines einmaligen Abzugs erhalten Sie einen geringeren, aber konstanten Abzug in jedem Jahr. <\/p>\n<h2 data-sourcepos=\"17:1-17:387\"><span class=\"ez-toc-section\" id=\"Welche_Investitionen_sind_von_diesen_neuen_Steuervorschriften_ausgeschlossen\"><\/span>Welche Investitionen sind von diesen neuen Steuervorschriften ausgeschlossen?<span class=\"ez-toc-section-end\"><\/span><\/h2>\n<p>Die wichtigsten Kategorien von Investitionen, die nicht f\u00fcr den Abzug in Frage kommen, sind :<\/p>\n<ol>\n<li><strong>G\u00fcter, die nicht ausschlie\u00dflich Ihrer beruflichen T\u00e4tigkeit dienen:<\/strong> Das Gut muss zu 100 % f\u00fcr Ihre berufliche T\u00e4tigkeit genutzt werden. Pers\u00f6nlich oder gemischt genutzte G\u00fcter sind ausgeschlossen. <\/li>\n<li><strong>Nicht abschreibbare oder zu schnell abgeschriebene G\u00fcter :<\/strong> G\u00fcter, die nicht abgeschrieben werden k\u00f6nnen oder zu schnell abgeschrieben werden (weniger als drei steuerpflichtige Zeitr\u00e4ume), sind nicht f\u00f6rderf\u00e4hig.<\/li>\n<li><strong>Vermietete G\u00fcter:<\/strong> Im Allgemeinen sind G\u00fcter, die Sie an eine andere Person vermieten (und f\u00fcr die diese die Nutzungsrechte erh\u00e4lt) nicht zul\u00e4ssig, es sei denn, sie werden an ein Unternehmen oder eine nat\u00fcrliche Person in Belgien vermietet, die sie zur Erzielung von Gewinnen nutzt und nicht weitervermietet (und dieser Mieter muss selbst alle Bedingungen f\u00fcr den Abzug erf\u00fcllen). Eine Ausnahme besteht f\u00fcr bestimmte audiovisuelle Werke und deren Vertriebsrechte. <\/li>\n<li><strong>G\u00fcter, deren Nutzungsrechte \u00fcbertragen wurden:<\/strong> Wenn Sie das Recht zur Nutzung des Gutes auf einen anderen Steuerzahler \u00fcbertragen, ist dies ausgeschlossen, es sei denn, die \u00dcbertragung erfolgt an eine Person in Belgien, die das Gut zur Erzielung steuerpflichtiger Gewinne nutzt und es nicht weiter \u00fcbertr\u00e4gt (und diese Person muss selbst die Anforderungen f\u00fcr den Abzug zum gleichen oder einem h\u00f6heren Satz erf\u00fcllen).<\/li>\n<li><strong>Bestimmte Fahrzeuge:<\/strong> Autos und Kombinationskraftwagen (gem\u00e4\u00df der Definition in den Vorschriften \u00fcber die Zulassung von Kraftfahrzeugen), einschlie\u00dflich bestimmter Lieferwagen, sind im Allgemeinen ausgeschlossen. Es gibt jedoch Ausnahmen f\u00fcr Fahrzeuge, die ausschlie\u00dflich f\u00fcr Taxidienste, Mietwagen mit Fahrer oder von anerkannten Fahrschulen genutzt werden. <\/li>\n<li>Nebenkosten<strong>:<\/strong> Nebenkosten zum Kaufpreis (wie Geb\u00fchren) oder indirekte Produktionskosten, die nicht zusammen mit den Anlagen selbst abgeschrieben werden, sind ausgeschlossen.<\/li>\n<li><strong>Investitionen von Pauschalbesteuerten: Steuerpflichtige,<\/strong> die ein Pauschalsystem mit Standardabschreibungss\u00e4tzen anwenden, sind nicht f\u00f6rderf\u00e4hig, au\u00dfer f\u00fcr energiesparende Investitionen, f\u00fcr die keine \u00f6ffentliche finanzielle Unterst\u00fctzung gew\u00e4hrt wird.<\/li>\n<\/ol>\n<h2><span class=\"ez-toc-section\" id=\"Warum_sollten_Sie_Vectura_fuer_Ihre_gruenen_Investitionen_waehlen\"><\/span>Warum sollten Sie Vectura f\u00fcr Ihre gr\u00fcnen Investitionen w\u00e4hlen?<span class=\"ez-toc-section-end\"><\/span><\/h2>\n<p>Wenn Sie sich f\u00fcr Vectura entscheiden, profitieren Sie von der Expertise eines dynamischen Teams, das auf die Installation von nachhaltigen Energiel\u00f6sungen spezialisiert ist. Ob Sie eine Privatperson oder ein Unternehmen sind, wir bieten Ihnen ma\u00dfgeschneiderte Dienstleistungen, um Ihre Steuervorteile zu maximieren und Ihren \u00f6kologischen Fu\u00dfabdruck zu reduzieren. <\/p>\n<ul data-spread=\"false\">\n<li><strong>Pers\u00f6nliches Audit<\/strong>: Umfassende Analyse Ihrer Bed\u00fcrfnisse und Infrastruktur.<\/li>\n<li>Ordnungsgem\u00e4\u00dfe <strong>Installation<\/strong>: Einhaltung der Sicherheitsstandards und Qualit\u00e4tsgarantie.<\/li>\n<li><strong>Steueroptimierung<\/strong>: Beratung zu Ausr\u00fcstungen, die f\u00fcr den <strong>Abzug f\u00fcr gr\u00fcne Investitionen in<\/strong> Frage kommen.<\/li>\n<\/ul>\n<h3>Machen Sie den ersten Schritt in eine nachhaltige Zukunft<\/h3>\n<p data-pm-slice=\"1 1 []\">Die Investition in umweltfreundliche L\u00f6sungen wie Ladationen oder Photovoltaikanlagen ist nicht nur eine Geste f\u00fcr den Planeten, sondern bietet auch die M\u00f6glichkeit, Steuervorteile durch den <strong>Abzug f\u00fcr gr\u00fcne Investitionen<\/strong> zu erhalten.<\/p>\n<p><strong>Nehmen Sie noch heute Kontakt mit Vectura<\/strong> auf, um ein kostenloses Angebot und ma\u00dfgeschneiderte Unterst\u00fctzung zu erhalten. Lassen Sie uns gemeinsam Ihren positiven Einfluss auf die Umwelt maximieren und gleichzeitig Ihre Finanzen optimieren. Machen Sie Ihre Energiewende mit Vectura zu einem nachhaltigen Erfolg.  <\/p>\n<h4>Quellen f\u00fcr diesen Artikel :<\/h4>\n<ul>\n<li>Artikel 68 bis 77 und 201 des Einkommensteuergesetzes 1992.<\/li>\n<li>Artikel 47 bis 49bis des K\u00f6niglichen Erlasses zur Durchf\u00fchrung des Einkommensteuergesetzbuches 1992.<\/li>\n<li><a href=\"https:\/\/www.minfin.fgov.be\/myminfin-web\/pages\/public\/fisconet\/document\/1342fc0c-ac9f-48a6-abdf-290721589097\" target=\"_blank\" rel=\"noopener noreferrer\" data-extlink=\"\">Stellungnahme zum Investitionsabzug 2025.<\/a><\/li>\n<\/ul>\n","protected":false},"excerpt":{"rendered":"<p>Steuerliche Neuerungen in Bezug auf Investitionen f\u00fcr belgische Unternehmen ab dem 1. Januar 2025 Der Energiewandel ist ein wichtiges Thema f\u00fcr Privatpersonen und Unternehmen in Belgien. Um Anreize f\u00fcr Investitionen in nachhaltige L\u00f6sungen wie Ladationen f\u00fcr Elektrofahrzeuge oder Photovoltaikanlagen zu schaffen, hat die belgische Regierung den gr\u00fcnen Investitionsabzug eingef\u00fchrt. Diese Steuerma\u00dfnahme reduziert den Betrag, auf [&hellip;]<\/p>\n","protected":false},"author":5,"featured_media":5825,"comment_status":"open","ping_status":"open","sticky":false,"template":"","format":"standard","meta":{"_acf_changed":false,"footnotes":""},"categories":[26,28,30],"tags":[],"class_list":["post-5824","post","type-post","status-publish","format-standard","has-post-thumbnail","hentry","category-ladationen","category-photovoltaische-paneele","category-speicherbatterien"],"acf":[],"yoast_head":"<!-- This site is optimized with the Yoast SEO plugin v26.7 - https:\/\/yoast.com\/wordpress\/plugins\/seo\/ -->\n<title>Investitionsabzug Belgien: KMU &amp; Unternehmen<\/title>\n<meta name=\"description\" content=\"Erfahren Sie, wie Sie mit Vectura im Jahr 2025 vom gr\u00fcnen Investitionsabzug profitieren k\u00f6nnen. Optimieren Sie Ihre Finanzen und investieren Sie nachhaltig!\" \/>\n<meta name=\"robots\" content=\"index, follow, max-snippet:-1, max-image-preview:large, max-video-preview:-1\" \/>\n<link rel=\"canonical\" href=\"https:\/\/vectura.be\/de\/abzug-fuer-investitionen-in-belgien-aktuelle-informationen-2025\/\" \/>\n<meta property=\"og:locale\" content=\"de_DE\" \/>\n<meta property=\"og:type\" content=\"article\" \/>\n<meta property=\"og:title\" content=\"Investitionsabzug Belgien: KMU &amp; Unternehmen\" \/>\n<meta property=\"og:description\" content=\"Erfahren Sie, wie Sie mit Vectura im Jahr 2025 vom gr\u00fcnen Investitionsabzug profitieren k\u00f6nnen. Optimieren Sie Ihre Finanzen und investieren Sie nachhaltig!\" \/>\n<meta property=\"og:url\" content=\"https:\/\/vectura.be\/de\/abzug-fuer-investitionen-in-belgien-aktuelle-informationen-2025\/\" \/>\n<meta property=\"og:site_name\" content=\"Vectura\" \/>\n<meta property=\"article:publisher\" content=\"https:\/\/www.facebook.com\/Vectura-106260158282055\" \/>\n<meta property=\"article:published_time\" content=\"2025-02-20T11:44:26+00:00\" \/>\n<meta property=\"article:modified_time\" content=\"2025-12-10T12:43:38+00:00\" \/>\n<meta property=\"og:image\" content=\"https:\/\/vectura.be\/wp-content\/uploads\/2025\/01\/pexels-pixabay-259251.jpg\" \/>\n\t<meta property=\"og:image:width\" content=\"1920\" \/>\n\t<meta property=\"og:image:height\" content=\"1109\" \/>\n\t<meta property=\"og:image:type\" content=\"image\/jpeg\" \/>\n<meta name=\"author\" content=\"Marc Nihon\" \/>\n<meta name=\"twitter:card\" content=\"summary_large_image\" \/>\n<meta name=\"twitter:label1\" content=\"Verfasst von\" \/>\n\t<meta name=\"twitter:data1\" content=\"Marc Nihon\" \/>\n\t<meta name=\"twitter:label2\" content=\"Gesch\u00e4tzte Lesezeit\" \/>\n\t<meta name=\"twitter:data2\" content=\"7\u00a0Minute\" \/>\n<script type=\"application\/ld+json\" class=\"yoast-schema-graph\">{\"@context\":\"https:\/\/schema.org\",\"@graph\":[{\"@type\":\"Article\",\"@id\":\"https:\/\/vectura.be\/de\/abzug-fuer-investitionen-in-belgien-aktuelle-informationen-2025\/#article\",\"isPartOf\":{\"@id\":\"https:\/\/vectura.be\/de\/abzug-fuer-investitionen-in-belgien-aktuelle-informationen-2025\/\"},\"author\":{\"name\":\"Marc Nihon\",\"@id\":\"https:\/\/vectura.be\/de\/#\/schema\/person\/b59469ea3d3b4d2f887ecc1ca89ca39b\"},\"headline\":\"Abzug f\u00fcr Investitionen in Belgien &#8211; Aktuelle Informationen 2025\",\"datePublished\":\"2025-02-20T11:44:26+00:00\",\"dateModified\":\"2025-12-10T12:43:38+00:00\",\"mainEntityOfPage\":{\"@id\":\"https:\/\/vectura.be\/de\/abzug-fuer-investitionen-in-belgien-aktuelle-informationen-2025\/\"},\"wordCount\":1498,\"commentCount\":0,\"image\":{\"@id\":\"https:\/\/vectura.be\/de\/abzug-fuer-investitionen-in-belgien-aktuelle-informationen-2025\/#primaryimage\"},\"thumbnailUrl\":\"https:\/\/vectura.be\/wp-content\/uploads\/2025\/01\/pexels-pixabay-259251.jpg\",\"articleSection\":[\"Ladationen\",\"Photovoltaische Paneele\",\"Speicherbatterien\"],\"inLanguage\":\"de\",\"potentialAction\":[{\"@type\":\"CommentAction\",\"name\":\"Comment\",\"target\":[\"https:\/\/vectura.be\/de\/abzug-fuer-investitionen-in-belgien-aktuelle-informationen-2025\/#respond\"]}]},{\"@type\":\"WebPage\",\"@id\":\"https:\/\/vectura.be\/de\/abzug-fuer-investitionen-in-belgien-aktuelle-informationen-2025\/\",\"url\":\"https:\/\/vectura.be\/de\/abzug-fuer-investitionen-in-belgien-aktuelle-informationen-2025\/\",\"name\":\"Investitionsabzug Belgien: KMU & Unternehmen\",\"isPartOf\":{\"@id\":\"https:\/\/vectura.be\/de\/#website\"},\"primaryImageOfPage\":{\"@id\":\"https:\/\/vectura.be\/de\/abzug-fuer-investitionen-in-belgien-aktuelle-informationen-2025\/#primaryimage\"},\"image\":{\"@id\":\"https:\/\/vectura.be\/de\/abzug-fuer-investitionen-in-belgien-aktuelle-informationen-2025\/#primaryimage\"},\"thumbnailUrl\":\"https:\/\/vectura.be\/wp-content\/uploads\/2025\/01\/pexels-pixabay-259251.jpg\",\"datePublished\":\"2025-02-20T11:44:26+00:00\",\"dateModified\":\"2025-12-10T12:43:38+00:00\",\"author\":{\"@id\":\"https:\/\/vectura.be\/de\/#\/schema\/person\/b59469ea3d3b4d2f887ecc1ca89ca39b\"},\"description\":\"Erfahren Sie, wie Sie mit Vectura im Jahr 2025 vom gr\u00fcnen Investitionsabzug profitieren k\u00f6nnen. Optimieren Sie Ihre Finanzen und investieren Sie nachhaltig!\",\"breadcrumb\":{\"@id\":\"https:\/\/vectura.be\/de\/abzug-fuer-investitionen-in-belgien-aktuelle-informationen-2025\/#breadcrumb\"},\"inLanguage\":\"de\",\"potentialAction\":[{\"@type\":\"ReadAction\",\"target\":[\"https:\/\/vectura.be\/de\/abzug-fuer-investitionen-in-belgien-aktuelle-informationen-2025\/\"]}]},{\"@type\":\"ImageObject\",\"inLanguage\":\"de\",\"@id\":\"https:\/\/vectura.be\/de\/abzug-fuer-investitionen-in-belgien-aktuelle-informationen-2025\/#primaryimage\",\"url\":\"https:\/\/vectura.be\/wp-content\/uploads\/2025\/01\/pexels-pixabay-259251.jpg\",\"contentUrl\":\"https:\/\/vectura.be\/wp-content\/uploads\/2025\/01\/pexels-pixabay-259251.jpg\",\"width\":1920,\"height\":1109,\"caption\":\"Investment-Gr\u00fcn\"},{\"@type\":\"BreadcrumbList\",\"@id\":\"https:\/\/vectura.be\/de\/abzug-fuer-investitionen-in-belgien-aktuelle-informationen-2025\/#breadcrumb\",\"itemListElement\":[{\"@type\":\"ListItem\",\"position\":1,\"name\":\"Home\",\"item\":\"https:\/\/vectura.be\/de\/\"},{\"@type\":\"ListItem\",\"position\":2,\"name\":\"Abzug f\u00fcr Investitionen in Belgien &#8211; Aktuelle Informationen 2025\"}]},{\"@type\":\"WebSite\",\"@id\":\"https:\/\/vectura.be\/de\/#website\",\"url\":\"https:\/\/vectura.be\/de\/\",\"name\":\"Vectura\",\"description\":\"Bornes de recharge pour v\u00e9hicules \u00e9lectriques.\",\"potentialAction\":[{\"@type\":\"SearchAction\",\"target\":{\"@type\":\"EntryPoint\",\"urlTemplate\":\"https:\/\/vectura.be\/de\/?s={search_term_string}\"},\"query-input\":{\"@type\":\"PropertyValueSpecification\",\"valueRequired\":true,\"valueName\":\"search_term_string\"}}],\"inLanguage\":\"de\"},{\"@type\":\"Person\",\"@id\":\"https:\/\/vectura.be\/de\/#\/schema\/person\/b59469ea3d3b4d2f887ecc1ca89ca39b\",\"name\":\"Marc Nihon\",\"image\":{\"@type\":\"ImageObject\",\"inLanguage\":\"de\",\"@id\":\"https:\/\/vectura.be\/de\/#\/schema\/person\/image\/\",\"url\":\"https:\/\/secure.gravatar.com\/avatar\/a62d797c49bc5dc50a873c63509b5069661d66a4af0494bd15d1d83918ef9cc4?s=96&d=mm&r=g\",\"contentUrl\":\"https:\/\/secure.gravatar.com\/avatar\/a62d797c49bc5dc50a873c63509b5069661d66a4af0494bd15d1d83918ef9cc4?s=96&d=mm&r=g\",\"caption\":\"Marc Nihon\"},\"url\":\"https:\/\/vectura.be\/de\/author\/marcnihon\/\"}]}<\/script>\n<!-- \/ Yoast SEO plugin. -->","yoast_head_json":{"title":"Investitionsabzug Belgien: KMU & Unternehmen","description":"Erfahren Sie, wie Sie mit Vectura im Jahr 2025 vom gr\u00fcnen Investitionsabzug profitieren k\u00f6nnen. Optimieren Sie Ihre Finanzen und investieren Sie nachhaltig!","robots":{"index":"index","follow":"follow","max-snippet":"max-snippet:-1","max-image-preview":"max-image-preview:large","max-video-preview":"max-video-preview:-1"},"canonical":"https:\/\/vectura.be\/de\/abzug-fuer-investitionen-in-belgien-aktuelle-informationen-2025\/","og_locale":"de_DE","og_type":"article","og_title":"Investitionsabzug Belgien: KMU & Unternehmen","og_description":"Erfahren Sie, wie Sie mit Vectura im Jahr 2025 vom gr\u00fcnen Investitionsabzug profitieren k\u00f6nnen. Optimieren Sie Ihre Finanzen und investieren Sie nachhaltig!","og_url":"https:\/\/vectura.be\/de\/abzug-fuer-investitionen-in-belgien-aktuelle-informationen-2025\/","og_site_name":"Vectura","article_publisher":"https:\/\/www.facebook.com\/Vectura-106260158282055","article_published_time":"2025-02-20T11:44:26+00:00","article_modified_time":"2025-12-10T12:43:38+00:00","og_image":[{"width":1920,"height":1109,"url":"https:\/\/vectura.be\/wp-content\/uploads\/2025\/01\/pexels-pixabay-259251.jpg","type":"image\/jpeg"}],"author":"Marc Nihon","twitter_card":"summary_large_image","twitter_misc":{"Verfasst von":"Marc Nihon","Gesch\u00e4tzte Lesezeit":"7\u00a0Minute"},"schema":{"@context":"https:\/\/schema.org","@graph":[{"@type":"Article","@id":"https:\/\/vectura.be\/de\/abzug-fuer-investitionen-in-belgien-aktuelle-informationen-2025\/#article","isPartOf":{"@id":"https:\/\/vectura.be\/de\/abzug-fuer-investitionen-in-belgien-aktuelle-informationen-2025\/"},"author":{"name":"Marc Nihon","@id":"https:\/\/vectura.be\/de\/#\/schema\/person\/b59469ea3d3b4d2f887ecc1ca89ca39b"},"headline":"Abzug f\u00fcr Investitionen in Belgien &#8211; Aktuelle Informationen 2025","datePublished":"2025-02-20T11:44:26+00:00","dateModified":"2025-12-10T12:43:38+00:00","mainEntityOfPage":{"@id":"https:\/\/vectura.be\/de\/abzug-fuer-investitionen-in-belgien-aktuelle-informationen-2025\/"},"wordCount":1498,"commentCount":0,"image":{"@id":"https:\/\/vectura.be\/de\/abzug-fuer-investitionen-in-belgien-aktuelle-informationen-2025\/#primaryimage"},"thumbnailUrl":"https:\/\/vectura.be\/wp-content\/uploads\/2025\/01\/pexels-pixabay-259251.jpg","articleSection":["Ladationen","Photovoltaische Paneele","Speicherbatterien"],"inLanguage":"de","potentialAction":[{"@type":"CommentAction","name":"Comment","target":["https:\/\/vectura.be\/de\/abzug-fuer-investitionen-in-belgien-aktuelle-informationen-2025\/#respond"]}]},{"@type":"WebPage","@id":"https:\/\/vectura.be\/de\/abzug-fuer-investitionen-in-belgien-aktuelle-informationen-2025\/","url":"https:\/\/vectura.be\/de\/abzug-fuer-investitionen-in-belgien-aktuelle-informationen-2025\/","name":"Investitionsabzug Belgien: KMU & Unternehmen","isPartOf":{"@id":"https:\/\/vectura.be\/de\/#website"},"primaryImageOfPage":{"@id":"https:\/\/vectura.be\/de\/abzug-fuer-investitionen-in-belgien-aktuelle-informationen-2025\/#primaryimage"},"image":{"@id":"https:\/\/vectura.be\/de\/abzug-fuer-investitionen-in-belgien-aktuelle-informationen-2025\/#primaryimage"},"thumbnailUrl":"https:\/\/vectura.be\/wp-content\/uploads\/2025\/01\/pexels-pixabay-259251.jpg","datePublished":"2025-02-20T11:44:26+00:00","dateModified":"2025-12-10T12:43:38+00:00","author":{"@id":"https:\/\/vectura.be\/de\/#\/schema\/person\/b59469ea3d3b4d2f887ecc1ca89ca39b"},"description":"Erfahren Sie, wie Sie mit Vectura im Jahr 2025 vom gr\u00fcnen Investitionsabzug profitieren k\u00f6nnen. Optimieren Sie Ihre Finanzen und investieren Sie nachhaltig!","breadcrumb":{"@id":"https:\/\/vectura.be\/de\/abzug-fuer-investitionen-in-belgien-aktuelle-informationen-2025\/#breadcrumb"},"inLanguage":"de","potentialAction":[{"@type":"ReadAction","target":["https:\/\/vectura.be\/de\/abzug-fuer-investitionen-in-belgien-aktuelle-informationen-2025\/"]}]},{"@type":"ImageObject","inLanguage":"de","@id":"https:\/\/vectura.be\/de\/abzug-fuer-investitionen-in-belgien-aktuelle-informationen-2025\/#primaryimage","url":"https:\/\/vectura.be\/wp-content\/uploads\/2025\/01\/pexels-pixabay-259251.jpg","contentUrl":"https:\/\/vectura.be\/wp-content\/uploads\/2025\/01\/pexels-pixabay-259251.jpg","width":1920,"height":1109,"caption":"Investment-Gr\u00fcn"},{"@type":"BreadcrumbList","@id":"https:\/\/vectura.be\/de\/abzug-fuer-investitionen-in-belgien-aktuelle-informationen-2025\/#breadcrumb","itemListElement":[{"@type":"ListItem","position":1,"name":"Home","item":"https:\/\/vectura.be\/de\/"},{"@type":"ListItem","position":2,"name":"Abzug f\u00fcr Investitionen in Belgien &#8211; Aktuelle Informationen 2025"}]},{"@type":"WebSite","@id":"https:\/\/vectura.be\/de\/#website","url":"https:\/\/vectura.be\/de\/","name":"Vectura","description":"Bornes de recharge pour v\u00e9hicules \u00e9lectriques.","potentialAction":[{"@type":"SearchAction","target":{"@type":"EntryPoint","urlTemplate":"https:\/\/vectura.be\/de\/?s={search_term_string}"},"query-input":{"@type":"PropertyValueSpecification","valueRequired":true,"valueName":"search_term_string"}}],"inLanguage":"de"},{"@type":"Person","@id":"https:\/\/vectura.be\/de\/#\/schema\/person\/b59469ea3d3b4d2f887ecc1ca89ca39b","name":"Marc Nihon","image":{"@type":"ImageObject","inLanguage":"de","@id":"https:\/\/vectura.be\/de\/#\/schema\/person\/image\/","url":"https:\/\/secure.gravatar.com\/avatar\/a62d797c49bc5dc50a873c63509b5069661d66a4af0494bd15d1d83918ef9cc4?s=96&d=mm&r=g","contentUrl":"https:\/\/secure.gravatar.com\/avatar\/a62d797c49bc5dc50a873c63509b5069661d66a4af0494bd15d1d83918ef9cc4?s=96&d=mm&r=g","caption":"Marc Nihon"},"url":"https:\/\/vectura.be\/de\/author\/marcnihon\/"}]}},"_links":{"self":[{"href":"https:\/\/vectura.be\/de\/wp-json\/wp\/v2\/posts\/5824","targetHints":{"allow":["GET"]}}],"collection":[{"href":"https:\/\/vectura.be\/de\/wp-json\/wp\/v2\/posts"}],"about":[{"href":"https:\/\/vectura.be\/de\/wp-json\/wp\/v2\/types\/post"}],"author":[{"embeddable":true,"href":"https:\/\/vectura.be\/de\/wp-json\/wp\/v2\/users\/5"}],"replies":[{"embeddable":true,"href":"https:\/\/vectura.be\/de\/wp-json\/wp\/v2\/comments?post=5824"}],"version-history":[{"count":1,"href":"https:\/\/vectura.be\/de\/wp-json\/wp\/v2\/posts\/5824\/revisions"}],"predecessor-version":[{"id":5826,"href":"https:\/\/vectura.be\/de\/wp-json\/wp\/v2\/posts\/5824\/revisions\/5826"}],"wp:featuredmedia":[{"embeddable":true,"href":"https:\/\/vectura.be\/de\/wp-json\/wp\/v2\/media\/5825"}],"wp:attachment":[{"href":"https:\/\/vectura.be\/de\/wp-json\/wp\/v2\/media?parent=5824"}],"wp:term":[{"taxonomy":"category","embeddable":true,"href":"https:\/\/vectura.be\/de\/wp-json\/wp\/v2\/categories?post=5824"},{"taxonomy":"post_tag","embeddable":true,"href":"https:\/\/vectura.be\/de\/wp-json\/wp\/v2\/tags?post=5824"}],"curies":[{"name":"wp","href":"https:\/\/api.w.org\/{rel}","templated":true}]}}