{"id":5820,"date":"2025-02-07T09:25:59","date_gmt":"2025-02-07T09:25:59","guid":{"rendered":"http:\/\/vectura-new.local\/wie-hoch-sind-die-zuschuesse-und-praemien-fuer-photovoltaikmodule-im-jahr-2025\/"},"modified":"2025-12-10T12:43:26","modified_gmt":"2025-12-10T12:43:26","slug":"wie-hoch-sind-die-zuschuesse-und-praemien-fuer-photovoltaikmodule-im-jahr-2025","status":"publish","type":"post","link":"https:\/\/vectura.be\/de\/wie-hoch-sind-die-zuschuesse-und-praemien-fuer-photovoltaikmodule-im-jahr-2025\/","title":{"rendered":"Wie hoch sind die Zusch\u00fcsse und Pr\u00e4mien f\u00fcr Photovoltaikmodule im Jahr 2025?"},"content":{"rendered":"<h1><span style=\"font-weight: 400;\">Wie hoch sind die Zusch\u00fcsse und Pr\u00e4mien f\u00fcr Photovoltaikmodule im Jahr 2025?<\/span><\/h1>\n<p><span style=\"font-weight: 400;\">Das Jahr 2025 bringt \u00c4nderungen bei den Zusch\u00fcssen und Pr\u00e4mien f\u00fcr Photovoltaikmodule in Belgien mit sich. Dieser umfassende Leitfaden erl\u00e4utert die neuen Regelungen, F\u00f6rderkriterien und praktischen Ratschl\u00e4ge, um Ihre finanziellen Vorteile zu maximieren. Privatpersonen und Unternehmen, bereiten Sie Ihren Energiewandel mit den verf\u00fcgbaren F\u00f6rdermitteln vor.  <\/span><\/p>\n<div id=\"ez-toc-container\" class=\"ez-toc-v2_0_80 counter-hierarchy ez-toc-counter ez-toc-transparent ez-toc-container-direction\">\n<div class=\"ez-toc-title-container\">\n<p class=\"ez-toc-title\" style=\"cursor:inherit\">Contenu de l&#039;article<\/p>\n<span class=\"ez-toc-title-toggle\"><\/span><\/div>\n<nav><ul class='ez-toc-list ez-toc-list-level-1 ' ><li class='ez-toc-page-1 ez-toc-heading-level-2'><a class=\"ez-toc-link ez-toc-heading-1\" href=\"https:\/\/vectura.be\/de\/wie-hoch-sind-die-zuschuesse-und-praemien-fuer-photovoltaikmodule-im-jahr-2025\/#Leitfaden_zu_den_Beihilfen_2025_auf_wallonischem_Gebiet\" >Leitfaden zu den Beihilfen 2025 auf wallonischem Gebiet<\/a><\/li><li class='ez-toc-page-1 ez-toc-heading-level-2'><a class=\"ez-toc-link ez-toc-heading-2\" href=\"https:\/\/vectura.be\/de\/wie-hoch-sind-die-zuschuesse-und-praemien-fuer-photovoltaikmodule-im-jahr-2025\/#Welche_Hilfen_stehen_2025_in_Wallonien_zur_Verfuegung\" >Welche Hilfen stehen 2025 in Wallonien zur Verf\u00fcgung?<\/a><\/li><li class='ez-toc-page-1 ez-toc-heading-level-2'><a class=\"ez-toc-link ez-toc-heading-3\" href=\"https:\/\/vectura.be\/de\/wie-hoch-sind-die-zuschuesse-und-praemien-fuer-photovoltaikmodule-im-jahr-2025\/#Abschliessend_stellt_sich_die_Frage_welche_Beihilfen_oder_Praemien_Sie_fuer_die_Installation_von_Photovoltaikmodulen_im_Jahr_2025_in_Wallonien_erhalten_sollten\" >Abschlie\u00dfend stellt sich die Frage, welche Beihilfen oder Pr\u00e4mien Sie f\u00fcr die Installation von Photovoltaikmodulen im Jahr 2025 in Wallonien erhalten sollten.<\/a><\/li><\/ul><\/nav><\/div>\n<h2><span class=\"ez-toc-section\" id=\"Leitfaden_zu_den_Beihilfen_2025_auf_wallonischem_Gebiet\"><\/span><span style=\"font-weight: 400;\">Leitfaden zu den Beihilfen 2025 auf wallonischem Gebiet<\/span><span class=\"ez-toc-section-end\"><\/span><\/h2>\n<p><span style=\"font-weight: 400;\">Im Jahr 2025 wird sich die Landschaft der Beihilfen und Pr\u00e4mien f\u00fcr Photovoltaikmodule in Belgien, insbesondere in Wallonien, erheblich ver\u00e4ndern. W\u00e4hrend es keine direkten Pr\u00e4mien mehr gibt, werden alternative Finanzierungsl\u00f6sungen und Steueranreize eingef\u00fchrt, um Investitionen in Solarenergie zu f\u00f6rdern. <\/span><\/p>\n<h3><span style=\"font-weight: 400;\">Wallonische Beihilfen und Zusch\u00fcsse f\u00fcr Ihre Sonnenkollektoren: Welche Optionen gibt es 2025?<\/span><\/h3>\n<h4>Neue Vorschriften f\u00fcr Photovoltaikpaneele 2025<\/h4>\n<p><span style=\"font-weight: 400;\">In Wallonien wurden mehrere direkte F\u00f6rderma\u00dfnahmen, wie die Ausgleichspr\u00e4mie des Prosumer-Tarifs und die Pr\u00e4mie f\u00fcr die Installation eines Doppelflussz\u00e4hlers, zum 1. Januar 2024 abgeschafft. Das Prinzip des<a href=\"https:\/\/vectura.be\/compteur-qui-tourne-a-lenvers-en-wallonie\/\">&#8222;r\u00fcckw\u00e4rts laufenden Z\u00e4hlers<\/a>&#8220; ist nicht mehr auf neue Photovoltaikanlagen anwendbar. Anlagen, die vor diesem Datum installiert wurden, kommen jedoch unter bestimmten Bedingungen bis 2030 weiterhin in den Genuss der Ausgleichszahlungen (<\/span><span style=\"font-weight: 400;\">z.B.<\/span><span style=\"font-weight: 400;\"> Die entwickelbare Nettoleistung bleibt erhalten). Der Wiederverkauf der \u00dcberschusserzeugung ist \u00fcber einen kommunizierenden Z\u00e4hler m\u00f6glich, aber es gibt keine Garantie, dass die \u00dcberschusserzeugung nicht verkauft wird. <\/span><span style=\"font-weight: 400;\">Dies<\/span><span style=\"font-weight: 400;\"> Dies bedeutet jedoch, dass die Kompensation nicht in Anspruch genommen werden kann.<\/span><\/p>\n<h2><span class=\"ez-toc-section\" id=\"Welche_Hilfen_stehen_2025_in_Wallonien_zur_Verfuegung\"><\/span><span style=\"font-weight: 400;\">Welche Hilfen stehen 2025 in Wallonien zur Verf\u00fcgung?<\/span><span class=\"ez-toc-section-end\"><\/span><\/h2>\n<h3><span style=\"font-weight: 400;\">Es gibt keine Darlehen, Zusch\u00fcsse oder Pr\u00e4mien mehr f\u00fcr die Installation von Photovoltaikmodulen auf Ihrem Dach oder ebenen Grundst\u00fcck. Es gibt jedoch andere Formen der Unterst\u00fctzung durch die neuen Vorschriften f\u00fcr Ihre Sonnenkollektoren: <\/span><\/h3>\n<h3><span style=\"font-weight: 400;\">F\u00fcr Privatpersonen<\/span><\/h3>\n<h4><span style=\"font-weight: 400;\">1. 6% Mehrwertsteuer, wenn Ihr Haus \u00e4lter als 10 Jahre ist.<\/span><\/h4>\n<p><span style=\"font-weight: 400;\">Der Mehrwertsteuersatz f\u00fcr Ihr Photovoltaikprojekt wurde auf 6% festgelegt, um Sie bei der Energiewende zu unterst\u00fctzen. Dieser Vorteil gilt, wenn Ihr Haus \u00e4lter als 10 Jahre ist. <\/span><\/p>\n<h4><span style=\"font-weight: 400;\">2. 0% Darlehen<\/span><\/h4>\n<p><span style=\"font-weight: 400;\">Die Installation von Photovoltaikanlagen ist eine langfristig rentable Investition. Das von der Soci\u00e9t\u00e9 Wallonne du Cr\u00e9dit Social (SWCS) angebotene R\u00e9nopr\u00eat \u00e0 taux z\u00e9ro ist eine interessante Finanzierungsm\u00f6glichkeit f\u00fcr energetische Renovierungsprojekte, einschlie\u00dflich der Installation von Photovoltaikanlagen. Dieser Kredit kann bis zu 60.000 \u20ac betragen.  <\/span><\/p>\n<h4><span style=\"font-weight: 400;\">3. Eigenverbrauch = drastische Reduzierung Ihrer Rechnung<\/span><\/h4>\n<p><span style=\"font-weight: 400;\">Es handelt sich nicht um eine Pr\u00e4mie oder einen Zuschuss.<\/span><span style=\"font-weight: 400;\">,<\/span><span style=\"font-weight: 400;\"> sondern um<\/span> <span style=\"font-weight: 400;\">Es geht um einen<\/span><span style=\"font-weight: 400;\"> Es handelt sich um eine echte finanzielle Auswirkung auf Ihre Energierechnung: Der Eigenverbrauch (oder die Tatsache, dass Sie Ihre Energie selbst verbrauchen) ist ein wichtiger Faktor, um Ihre Energiekosten zu senken.<\/span> <span style=\"font-weight: 400;\">l&#8216;<\/span><span style=\"font-weight: 400;\">). Indem Sie Ihre elektrischen Ger\u00e4te so programmieren, dass sie die tags\u00fcber erzeugte Energie verbrauchen, werden Sie unabh\u00e4ngig (abh\u00e4ngig von der gew\u00e4hlten und installierten Anlage) und verbrauchen weniger Strom aus dem Netz.<\/span><span style=\"font-weight: 400;\"> Netz<\/span><span style=\"font-weight: 400;\">. Die direkte Folge ist eine deutlich niedrigere Energierechnung.<\/span><\/p>\n<h3><span style=\"font-weight: 400;\">F\u00fcr Berufst\u00e4tige<\/span><\/h3>\n<h4><span style=\"font-weight: 400;\">1. Easy&#8217;Green-Darlehen<\/span><\/h4>\n<p><span style=\"font-weight: 400;\">Transformieren Sie Ihr Unternehmen mit Hilfe von Novallia und Easy&#8217;Green! Die wallonische Regierung unterst\u00fctzt den Energiewandel von kleinen und mittleren Unternehmen, indem sie flexible Finanzierungsl\u00f6sungen (Darlehen und Kapital) zur Verbesserung der Energieeffizienz, zur Integration erneuerbarer Energien und zur Entwicklung \u00f6ko-innovativer Projekte anbietet. Novallia unterst\u00fctzt Sie bei jedem Schritt, von der Bewertung der Investitionsrendite bis zur Identifizierung von Finanzhilfen und Technologiepartnern. Easy&#8217;Green erleichtert den Zugang zu Finanzmitteln f\u00fcr Ihre ehrgeizigsten Projekte unter Ber\u00fccksichtigung ihres Innovationspotenzials, ihrer Auswirkungen auf die Umwelt und ihrer kommerziellen Tragf\u00e4higkeit.   <\/span><\/p>\n<h5><span style=\"font-weight: 400;\">F\u00fcr welche betrieblichen Investitionen k\u00f6nnen Sie Ihr Easy&#8217;Green-Darlehen beantragen?  <\/span><\/h5>\n<ul>\n<li style=\"font-weight: 400;\" aria-level=\"1\"><span style=\"font-weight: 400;\">Verbesserung der Energieeffizienz des Geb\u00e4udes (Renovierung, Erweiterung oder Neubau) oder der Prozesse: Isolierungsarbeiten, Rahmen, Heizung, LED-Beleuchtung, W\u00e4rmepumpe, Regenwasserzisterne, Kl\u00e4ranlage, &#8230;<\/span><\/li>\n<li style=\"font-weight: 400;\" aria-level=\"1\"><span style=\"font-weight: 400;\">Prozessverbesserung: Ersatz oder neue, leistungsf\u00e4higere Ausr\u00fcstung, Optimierung, &#8230;<\/span><\/li>\n<li style=\"font-weight: 400;\" aria-level=\"1\"><span style=\"font-weight: 400;\">Installation von erneuerbarer Energie: Photovoltaik, Biomasse, Windkraft, Biomethanisierung, &#8230;<\/span><\/li>\n<li style=\"font-weight: 400;\" aria-level=\"1\"><span style=\"font-weight: 400;\">Ladestation<\/span><\/li>\n<li style=\"font-weight: 400;\" aria-level=\"1\"><span style=\"font-weight: 400;\">Speicherbatterie<\/span><\/li>\n<li style=\"font-weight: 400;\" aria-level=\"1\"><span style=\"font-weight: 400;\">K\u00e4ltesystem zur Reduzierung der Verwendung von fluorierten Gasen<\/span><\/li>\n<li style=\"font-weight: 400;\" aria-level=\"1\"><span style=\"font-weight: 400;\">\u00d6ko-Innovationsprojekt einschlie\u00dflich der Einrichtung eines Projekts zur Kreislaufwirtschaft<\/span><\/li>\n<\/ul>\n<h5><span style=\"font-weight: 400;\">Wie und wo k\u00f6nnen Sie einen Antrag auf Finanzierung stellen?<\/span><\/h5>\n<p><span style=\"font-weight: 400;\">Sie k\u00f6nnen Ihren Antrag auf <\/span><a href=\"https:\/\/www.wallonie-entreprendre.be\/fr\/contact\/formulaire\/?funding=true&amp;recipient=transition@wallonie-entreprendre.be\"><span style=\"font-weight: 400;\">die offizielle 1890-Website \u00fcber diesen Link<\/span><\/a><span style=\"font-weight: 400;\">.<\/span><\/p>\n<h4><span style=\"font-weight: 400;\">2. Investitionsabzug (IPD)<\/span><\/h4>\n<p><span style=\"font-weight: 400;\">Der Investitionsabzug ist ein Steuervorteil, der es Unternehmen erm\u00f6glicht, ihre Steuerbemessungsgrundlage und damit ihre Steuern zu reduzieren. Im Gegensatz zu den absetzbaren Kosten (die sich auf laufende Ausgaben beziehen), gilt der Investitionsabzug f\u00fcr Ausgaben f\u00fcr Projekte, die Ihr Gesch\u00e4ft langfristig verbessern oder erweitern. Beispiele hierf\u00fcr sind der Kauf neuer Maschinen, die Renovierung Ihrer R\u00e4umlichkeiten oder die Investition in gr\u00fcne Technologien.  <\/span><\/p>\n<p><span style=\"font-weight: 400;\">Diese Investitionen, deren Wert im Laufe der Zeit allm\u00e4hlich abnimmt (Abschreibung), erm\u00f6glichen einen zus\u00e4tzlichen Steuerabzug. Dies ist ein echter Bonus f\u00fcr Ihr Unternehmen! <\/span><\/p>\n<h5><span style=\"font-weight: 400;\">Neuer erh\u00f6hter Abzug von 40% seit dem 1. Januar 2025<\/span><\/h5>\n<p><span style=\"font-weight: 400;\">Investitionen<\/span><span style=\"font-weight: 400;\"> in Verbindung mit <\/span><span style=\"font-weight: 400;\">f\u00fcr die Produktion von erneuerbarer Energie, einschlie\u00dflich der Investition in Photovoltaikanlagen, k\u00f6nnen Sie einen erh\u00f6hten Abzug von 40% in Anspruch nehmen.<\/span><\/p>\n<h5><span style=\"font-weight: 400;\">4 Bedingungen, um von diesem Steueranreiz zu profitieren :  <\/span><\/h5>\n<ol>\n<li style=\"font-weight: 400;\" aria-level=\"1\"><span style=\"font-weight: 400;\">Die Investition muss \u00fcber einen Zeitraum von mindestens drei Jahren abgeschrieben werden.<\/span><\/li>\n<li style=\"font-weight: 400;\" aria-level=\"1\"><span style=\"font-weight: 400;\">Es muss ausschlie\u00dflich f\u00fcr die Zwecke der <\/span><span style=\"font-weight: 400;\">die Aus\u00fcbung der T\u00e4tigkeit<\/span><span style=\"font-weight: 400;\"> Ihre berufliche T\u00e4tigkeit<\/span><\/li>\n<li style=\"font-weight: 400;\" aria-level=\"1\"><span style=\"font-weight: 400;\">Er darf nicht ausgeschlossen werden. <\/span><a href=\"https:\/\/finances.belgium.be\/fr\/entreprises\/impot_des_societes\/avantages_fiscaux\/deduction_pour_investissement#q3\"><span style=\"font-weight: 400;\">von der erstellten Liste ausgeschlossen werden.<\/span><\/a><span style=\"font-weight: 400;\"> (was bei erneuerbaren Energien nicht der Fall ist).<\/span><span style=\"font-weight: 400;\"> : <\/span> <\/li>\n<li style=\"font-weight: 400;\" aria-level=\"1\"><span style=\"font-weight: 400;\">Ihr Unternehmen muss finanziell gesund sein und in den letzten zwei Jahren keine Verluste gemacht haben.<\/span><\/li>\n<\/ol>\n<p><span style=\"font-weight: 400;\">Wann k\u00f6nnen Sie diese F\u00f6rderung f\u00fcr Ihre Photovoltaikanlage in Anspruch nehmen?<\/span><\/p>\n<p><span style=\"font-weight: 400;\">Der Investitionsabzug wird von den Gewinnen des Jahres abgezogen, in dem die Investition get\u00e4tigt wurde. Der verbleibende Abzug kann auf das n\u00e4chste Jahr \u00fcbertragen werden, wenn sich die verf\u00fcgbaren Gewinne als unzureichend erweisen. <\/span><\/p>\n<p><span style=\"font-weight: 400;\">Welche Schritte und Formalit\u00e4ten sind zu unternehmen?<\/span><\/p>\n<p><span style=\"font-weight: 400;\">Bei der Installation von Sonnenkollektoren f\u00fcr Ihr Unternehmen kommen Sie in den erh\u00f6hten Abzug von 40% und m\u00fcssen :  <\/span><\/p>\n<ol>\n<li style=\"font-weight: 400;\" aria-level=\"1\"><span style=\"font-weight: 400;\">F\u00fcgen Sie das Formular 275U\/276U Ihrer Steuererkl\u00e4rung bei.<\/span><\/li>\n<li style=\"font-weight: 400;\" aria-level=\"1\"><span style=\"font-weight: 400;\">eine Bescheinigung (von Ihrem Buchhalter) vorlegen, die die F\u00f6rderf\u00e4higkeit Ihrer Investition best\u00e4tigt.<\/span><\/li>\n<\/ol>\n<h4><span style=\"font-weight: 400;\">3. Steuergutschrift<\/span><\/h4>\n<p><span style=\"font-weight: 400;\">Eine Alternative f\u00fcr Ihr Unternehmen ist die Beantragung einer Steuergutschrift, die es Ihnen erm\u00f6glicht, einen Teil Ihrer F&amp;E-Ausgaben in Form einer Steuergutschrift zur\u00fcckzuerhalten. Wenn Ihr Unternehmen dem erm\u00e4\u00dfigten K\u00f6rperschaftsteuersatz (20%) unterliegt, kann die Steuergutschrift f\u00fcr F&amp;E interessanter sein, da sie auf der Grundlage des normalen Steuersatzes (25%) berechnet wird. <\/span><\/p>\n<p><span style=\"font-weight: 400;\">Im Allgemeinen gilt: Je h\u00f6her Ihre Gewinne sind, desto gr\u00f6\u00dfer ist der Vorteil der F&amp;E-Steuergutschrift.<\/span><\/p>\n<h5><span style=\"font-weight: 400;\">Konkretes Zahlenbeispiel f\u00fcr Ihr Unternehmen<\/span><\/h5>\n<p><span style=\"font-weight: 400;\">Stellen Sie sich ein Unternehmen mit einem Gewinn von 80.000 Euro, einem Gesch\u00e4ftsaufwand von 18.000 Euro und einer technologischen Investition von 5.000 Euro vor.<\/span><\/p>\n<ul>\n<li style=\"font-weight: 400;\" aria-level=\"1\"><span style=\"font-weight: 400;\">Mit dem Abzug f\u00fcr technologische Investitionen w\u00fcrde die zu zahlende Steuer 12.195 Euro betragen.<\/span><\/li>\n<li style=\"font-weight: 400;\" aria-level=\"1\"><span style=\"font-weight: 400;\">Mit der Steuergutschrift f\u00fcr F&amp;E w\u00fcrde die zu zahlende Steuer 11 764,5 Euro betragen, was eine Ersparnis von 430,5 Euro bedeutet!<\/span><\/li>\n<\/ul>\n<h2><span class=\"ez-toc-section\" id=\"Abschliessend_stellt_sich_die_Frage_welche_Beihilfen_oder_Praemien_Sie_fuer_die_Installation_von_Photovoltaikmodulen_im_Jahr_2025_in_Wallonien_erhalten_sollten\"><\/span><span style=\"font-weight: 400;\">Abschlie\u00dfend stellt sich die Frage, welche Beihilfen oder Pr\u00e4mien Sie f\u00fcr die Installation von Photovoltaikmodulen im Jahr 2025 in Wallonien erhalten sollten.<\/span><span class=\"ez-toc-section-end\"><\/span><\/h2>\n<p><span style=\"font-weight: 400;\">Zusammenfassend l\u00e4sst sich sagen, dass sich die Rahmenbedingungen f\u00fcr die F\u00f6rderung von Photovoltaikanlagen zwar ge\u00e4ndert haben, die M\u00f6glichkeiten, in saubere und erneuerbare Energien zu investieren, aber auch im Jahr 2025 noch zahlreich sind. Es wird dringend empfohlen, informiert zu bleiben und sich von Spezialisten wie Vectura begleiten zu lassen, um die verf\u00fcgbaren F\u00f6rdermittel und die wirtschaftlichen und \u00f6kologischen Vorteile dieser Technologie voll auszusch\u00f6pfen. <\/span><\/p>\n<h3>Diese Seite wurde auf der Grundlage offizieller und authentischer Quellen erstellt.<\/h3>\n<p>Diese Seite wurde auf der Grundlage der offiziellen Quelle der belgischen Regierung \u00fcber :<\/p>\n<ul>\n<li><a href=\"https:\/\/www.minfin.fgov.be\/myminfin-web\/pages\/public\/fisconet\/document\/864b6174-8d24-4c3d-824e-75434327233e\">K\u00f6niglicher Erlass Nr. 20 vom 20. Juli 1970 zur Festlegung der Mehrwertsteuers\u00e4tze und der Verteilung von Waren und Dienstleistungen nach diesen S\u00e4tzen<\/a><\/li>\n<li>Artikel 68 bis 77 und 201 des Einkommensteuergesetzes 1992.<\/li>\n<li>Artikel 47 bis 49bis des K\u00f6niglichen Erlasses zur Durchf\u00fchrung des Einkommensteuergesetzbuches 1992.<\/li>\n<li>seinen <a href=\"https:\/\/finances.belgium.be\/fr\/entreprises\/impot_des_societes\/avantages_fiscaux\/deduction_pour_investissement\">offiziellen Artikel<\/a> auf der Website SPF FINANZEN \u00fcber Investitionsabz\u00fcge.<\/li>\n<li>die <a href=\"https:\/\/www.ejustice.just.fgov.be\/mopdf\/2024\/04\/30_1.pdf#page=323\">Ver\u00f6ffentlichung im Belgischen Staatsblatt vom 30.04.2024<\/a> \u00fcber die Abz\u00fcge f\u00fcr Investitionen, die nach dem 31.12.2024 in Kraft treten.<\/li>\n<\/ul>\n<p>&nbsp;<\/p>\n","protected":false},"excerpt":{"rendered":"<p>Wie hoch sind die Zusch\u00fcsse und Pr\u00e4mien f\u00fcr Photovoltaikmodule im Jahr 2025? Das Jahr 2025 bringt \u00c4nderungen bei den Zusch\u00fcssen und Pr\u00e4mien f\u00fcr Photovoltaikmodule in Belgien mit sich. Dieser umfassende Leitfaden erl\u00e4utert die neuen Regelungen, F\u00f6rderkriterien und praktischen Ratschl\u00e4ge, um Ihre finanziellen Vorteile zu maximieren. Privatpersonen und Unternehmen, bereiten Sie Ihren Energiewandel mit den verf\u00fcgbaren [&hellip;]<\/p>\n","protected":false},"author":4,"featured_media":5310,"comment_status":"open","ping_status":"open","sticky":false,"template":"","format":"standard","meta":{"_acf_changed":false,"footnotes":""},"categories":[28],"tags":[],"class_list":["post-5820","post","type-post","status-publish","format-standard","has-post-thumbnail","hentry","category-photovoltaische-paneele"],"acf":[],"yoast_head":"<!-- This site is optimized with the Yoast SEO plugin v26.7 - https:\/\/yoast.com\/wordpress\/plugins\/seo\/ -->\n<title>Pr\u00e4mien und Anreize f\u00fcr Solarpaneele in Wallonien [AKTUELL 2025].<\/title>\n<meta name=\"description\" content=\"Entdecken Sie die Pr\u00e4mien, Anreize und Beihilfen f\u00fcr die Installation Ihrer Solarmodule in Wallonien im Jahr 2025 - Inhalt aktualisiert.\" \/>\n<meta name=\"robots\" content=\"index, follow, max-snippet:-1, max-image-preview:large, max-video-preview:-1\" \/>\n<link rel=\"canonical\" href=\"https:\/\/vectura.be\/de\/wie-hoch-sind-die-zuschuesse-und-praemien-fuer-photovoltaikmodule-im-jahr-2025\/\" \/>\n<meta property=\"og:locale\" content=\"de_DE\" \/>\n<meta property=\"og:type\" content=\"article\" \/>\n<meta property=\"og:title\" content=\"Pr\u00e4mien und Anreize f\u00fcr Solarpaneele in Wallonien [AKTUELL 2025].\" \/>\n<meta property=\"og:description\" content=\"Entdecken Sie die Pr\u00e4mien, Anreize und Beihilfen f\u00fcr die Installation Ihrer Solarmodule in Wallonien im Jahr 2025 - Inhalt aktualisiert.\" \/>\n<meta property=\"og:url\" content=\"https:\/\/vectura.be\/de\/wie-hoch-sind-die-zuschuesse-und-praemien-fuer-photovoltaikmodule-im-jahr-2025\/\" \/>\n<meta property=\"og:site_name\" content=\"Vectura\" \/>\n<meta property=\"article:publisher\" content=\"https:\/\/www.facebook.com\/Vectura-106260158282055\" \/>\n<meta property=\"article:published_time\" content=\"2025-02-07T09:25:59+00:00\" \/>\n<meta property=\"article:modified_time\" content=\"2025-12-10T12:43:26+00:00\" \/>\n<meta property=\"og:image\" content=\"https:\/\/vectura.be\/wp-content\/uploads\/2024\/12\/Panneaux-7.jpg\" \/>\n\t<meta property=\"og:image:width\" content=\"1920\" \/>\n\t<meta property=\"og:image:height\" content=\"1440\" \/>\n\t<meta property=\"og:image:type\" content=\"image\/jpeg\" \/>\n<meta name=\"author\" content=\"Nicolas Nihon\" \/>\n<meta name=\"twitter:card\" content=\"summary_large_image\" \/>\n<meta name=\"twitter:label1\" content=\"Verfasst von\" \/>\n\t<meta name=\"twitter:data1\" content=\"Nicolas Nihon\" \/>\n\t<meta name=\"twitter:label2\" content=\"Gesch\u00e4tzte Lesezeit\" \/>\n\t<meta name=\"twitter:data2\" content=\"7\u00a0Minute\" \/>\n<script type=\"application\/ld+json\" class=\"yoast-schema-graph\">{\"@context\":\"https:\/\/schema.org\",\"@graph\":[{\"@type\":\"Article\",\"@id\":\"https:\/\/vectura.be\/de\/wie-hoch-sind-die-zuschuesse-und-praemien-fuer-photovoltaikmodule-im-jahr-2025\/#article\",\"isPartOf\":{\"@id\":\"https:\/\/vectura.be\/de\/wie-hoch-sind-die-zuschuesse-und-praemien-fuer-photovoltaikmodule-im-jahr-2025\/\"},\"author\":{\"name\":\"Nicolas Nihon\",\"@id\":\"https:\/\/vectura.be\/de\/#\/schema\/person\/805a5f133f06a1095ddb1991697c8913\"},\"headline\":\"Wie hoch sind die Zusch\u00fcsse und Pr\u00e4mien f\u00fcr Photovoltaikmodule im Jahr 2025?\",\"datePublished\":\"2025-02-07T09:25:59+00:00\",\"dateModified\":\"2025-12-10T12:43:26+00:00\",\"mainEntityOfPage\":{\"@id\":\"https:\/\/vectura.be\/de\/wie-hoch-sind-die-zuschuesse-und-praemien-fuer-photovoltaikmodule-im-jahr-2025\/\"},\"wordCount\":1317,\"commentCount\":0,\"image\":{\"@id\":\"https:\/\/vectura.be\/de\/wie-hoch-sind-die-zuschuesse-und-praemien-fuer-photovoltaikmodule-im-jahr-2025\/#primaryimage\"},\"thumbnailUrl\":\"https:\/\/vectura.be\/wp-content\/uploads\/2024\/12\/Panneaux-7.jpg\",\"articleSection\":[\"Photovoltaische Paneele\"],\"inLanguage\":\"de\",\"potentialAction\":[{\"@type\":\"CommentAction\",\"name\":\"Comment\",\"target\":[\"https:\/\/vectura.be\/de\/wie-hoch-sind-die-zuschuesse-und-praemien-fuer-photovoltaikmodule-im-jahr-2025\/#respond\"]}]},{\"@type\":\"WebPage\",\"@id\":\"https:\/\/vectura.be\/de\/wie-hoch-sind-die-zuschuesse-und-praemien-fuer-photovoltaikmodule-im-jahr-2025\/\",\"url\":\"https:\/\/vectura.be\/de\/wie-hoch-sind-die-zuschuesse-und-praemien-fuer-photovoltaikmodule-im-jahr-2025\/\",\"name\":\"Pr\u00e4mien und Anreize f\u00fcr Solarpaneele in Wallonien [AKTUELL 2025].\",\"isPartOf\":{\"@id\":\"https:\/\/vectura.be\/de\/#website\"},\"primaryImageOfPage\":{\"@id\":\"https:\/\/vectura.be\/de\/wie-hoch-sind-die-zuschuesse-und-praemien-fuer-photovoltaikmodule-im-jahr-2025\/#primaryimage\"},\"image\":{\"@id\":\"https:\/\/vectura.be\/de\/wie-hoch-sind-die-zuschuesse-und-praemien-fuer-photovoltaikmodule-im-jahr-2025\/#primaryimage\"},\"thumbnailUrl\":\"https:\/\/vectura.be\/wp-content\/uploads\/2024\/12\/Panneaux-7.jpg\",\"datePublished\":\"2025-02-07T09:25:59+00:00\",\"dateModified\":\"2025-12-10T12:43:26+00:00\",\"author\":{\"@id\":\"https:\/\/vectura.be\/de\/#\/schema\/person\/805a5f133f06a1095ddb1991697c8913\"},\"description\":\"Entdecken Sie die Pr\u00e4mien, Anreize und Beihilfen f\u00fcr die Installation Ihrer Solarmodule in Wallonien im Jahr 2025 - Inhalt aktualisiert.\",\"breadcrumb\":{\"@id\":\"https:\/\/vectura.be\/de\/wie-hoch-sind-die-zuschuesse-und-praemien-fuer-photovoltaikmodule-im-jahr-2025\/#breadcrumb\"},\"inLanguage\":\"de\",\"potentialAction\":[{\"@type\":\"ReadAction\",\"target\":[\"https:\/\/vectura.be\/de\/wie-hoch-sind-die-zuschuesse-und-praemien-fuer-photovoltaikmodule-im-jahr-2025\/\"]}]},{\"@type\":\"ImageObject\",\"inLanguage\":\"de\",\"@id\":\"https:\/\/vectura.be\/de\/wie-hoch-sind-die-zuschuesse-und-praemien-fuer-photovoltaikmodule-im-jahr-2025\/#primaryimage\",\"url\":\"https:\/\/vectura.be\/wp-content\/uploads\/2024\/12\/Panneaux-7.jpg\",\"contentUrl\":\"https:\/\/vectura.be\/wp-content\/uploads\/2024\/12\/Panneaux-7.jpg\",\"width\":1920,\"height\":1440,\"caption\":\"Installation von Photovoltaik-Paneelen in Wohnanlagen\"},{\"@type\":\"BreadcrumbList\",\"@id\":\"https:\/\/vectura.be\/de\/wie-hoch-sind-die-zuschuesse-und-praemien-fuer-photovoltaikmodule-im-jahr-2025\/#breadcrumb\",\"itemListElement\":[{\"@type\":\"ListItem\",\"position\":1,\"name\":\"Home\",\"item\":\"https:\/\/vectura.be\/de\/\"},{\"@type\":\"ListItem\",\"position\":2,\"name\":\"Wie hoch sind die Zusch\u00fcsse und Pr\u00e4mien f\u00fcr Photovoltaikmodule im Jahr 2025?\"}]},{\"@type\":\"WebSite\",\"@id\":\"https:\/\/vectura.be\/de\/#website\",\"url\":\"https:\/\/vectura.be\/de\/\",\"name\":\"Vectura\",\"description\":\"Bornes de recharge pour v\u00e9hicules \u00e9lectriques.\",\"potentialAction\":[{\"@type\":\"SearchAction\",\"target\":{\"@type\":\"EntryPoint\",\"urlTemplate\":\"https:\/\/vectura.be\/de\/?s={search_term_string}\"},\"query-input\":{\"@type\":\"PropertyValueSpecification\",\"valueRequired\":true,\"valueName\":\"search_term_string\"}}],\"inLanguage\":\"de\"},{\"@type\":\"Person\",\"@id\":\"https:\/\/vectura.be\/de\/#\/schema\/person\/805a5f133f06a1095ddb1991697c8913\",\"name\":\"Nicolas Nihon\",\"image\":{\"@type\":\"ImageObject\",\"inLanguage\":\"de\",\"@id\":\"https:\/\/vectura.be\/de\/#\/schema\/person\/image\/\",\"url\":\"https:\/\/secure.gravatar.com\/avatar\/055d9d7344004b2da06bc5ae2100d5d0cced86403d2114576b56e4d071867760?s=96&d=mm&r=g\",\"contentUrl\":\"https:\/\/secure.gravatar.com\/avatar\/055d9d7344004b2da06bc5ae2100d5d0cced86403d2114576b56e4d071867760?s=96&d=mm&r=g\",\"caption\":\"Nicolas Nihon\"},\"url\":\"https:\/\/vectura.be\/de\/author\/nicolasnihon\/\"}]}<\/script>\n<!-- \/ Yoast SEO plugin. -->","yoast_head_json":{"title":"Pr\u00e4mien und Anreize f\u00fcr Solarpaneele in Wallonien [AKTUELL 2025].","description":"Entdecken Sie die Pr\u00e4mien, Anreize und Beihilfen f\u00fcr die Installation Ihrer Solarmodule in Wallonien im Jahr 2025 - Inhalt aktualisiert.","robots":{"index":"index","follow":"follow","max-snippet":"max-snippet:-1","max-image-preview":"max-image-preview:large","max-video-preview":"max-video-preview:-1"},"canonical":"https:\/\/vectura.be\/de\/wie-hoch-sind-die-zuschuesse-und-praemien-fuer-photovoltaikmodule-im-jahr-2025\/","og_locale":"de_DE","og_type":"article","og_title":"Pr\u00e4mien und Anreize f\u00fcr Solarpaneele in Wallonien [AKTUELL 2025].","og_description":"Entdecken Sie die Pr\u00e4mien, Anreize und Beihilfen f\u00fcr die Installation Ihrer Solarmodule in Wallonien im Jahr 2025 - Inhalt aktualisiert.","og_url":"https:\/\/vectura.be\/de\/wie-hoch-sind-die-zuschuesse-und-praemien-fuer-photovoltaikmodule-im-jahr-2025\/","og_site_name":"Vectura","article_publisher":"https:\/\/www.facebook.com\/Vectura-106260158282055","article_published_time":"2025-02-07T09:25:59+00:00","article_modified_time":"2025-12-10T12:43:26+00:00","og_image":[{"width":1920,"height":1440,"url":"https:\/\/vectura.be\/wp-content\/uploads\/2024\/12\/Panneaux-7.jpg","type":"image\/jpeg"}],"author":"Nicolas Nihon","twitter_card":"summary_large_image","twitter_misc":{"Verfasst von":"Nicolas Nihon","Gesch\u00e4tzte Lesezeit":"7\u00a0Minute"},"schema":{"@context":"https:\/\/schema.org","@graph":[{"@type":"Article","@id":"https:\/\/vectura.be\/de\/wie-hoch-sind-die-zuschuesse-und-praemien-fuer-photovoltaikmodule-im-jahr-2025\/#article","isPartOf":{"@id":"https:\/\/vectura.be\/de\/wie-hoch-sind-die-zuschuesse-und-praemien-fuer-photovoltaikmodule-im-jahr-2025\/"},"author":{"name":"Nicolas Nihon","@id":"https:\/\/vectura.be\/de\/#\/schema\/person\/805a5f133f06a1095ddb1991697c8913"},"headline":"Wie hoch sind die Zusch\u00fcsse und Pr\u00e4mien f\u00fcr Photovoltaikmodule im Jahr 2025?","datePublished":"2025-02-07T09:25:59+00:00","dateModified":"2025-12-10T12:43:26+00:00","mainEntityOfPage":{"@id":"https:\/\/vectura.be\/de\/wie-hoch-sind-die-zuschuesse-und-praemien-fuer-photovoltaikmodule-im-jahr-2025\/"},"wordCount":1317,"commentCount":0,"image":{"@id":"https:\/\/vectura.be\/de\/wie-hoch-sind-die-zuschuesse-und-praemien-fuer-photovoltaikmodule-im-jahr-2025\/#primaryimage"},"thumbnailUrl":"https:\/\/vectura.be\/wp-content\/uploads\/2024\/12\/Panneaux-7.jpg","articleSection":["Photovoltaische Paneele"],"inLanguage":"de","potentialAction":[{"@type":"CommentAction","name":"Comment","target":["https:\/\/vectura.be\/de\/wie-hoch-sind-die-zuschuesse-und-praemien-fuer-photovoltaikmodule-im-jahr-2025\/#respond"]}]},{"@type":"WebPage","@id":"https:\/\/vectura.be\/de\/wie-hoch-sind-die-zuschuesse-und-praemien-fuer-photovoltaikmodule-im-jahr-2025\/","url":"https:\/\/vectura.be\/de\/wie-hoch-sind-die-zuschuesse-und-praemien-fuer-photovoltaikmodule-im-jahr-2025\/","name":"Pr\u00e4mien und Anreize f\u00fcr Solarpaneele in Wallonien [AKTUELL 2025].","isPartOf":{"@id":"https:\/\/vectura.be\/de\/#website"},"primaryImageOfPage":{"@id":"https:\/\/vectura.be\/de\/wie-hoch-sind-die-zuschuesse-und-praemien-fuer-photovoltaikmodule-im-jahr-2025\/#primaryimage"},"image":{"@id":"https:\/\/vectura.be\/de\/wie-hoch-sind-die-zuschuesse-und-praemien-fuer-photovoltaikmodule-im-jahr-2025\/#primaryimage"},"thumbnailUrl":"https:\/\/vectura.be\/wp-content\/uploads\/2024\/12\/Panneaux-7.jpg","datePublished":"2025-02-07T09:25:59+00:00","dateModified":"2025-12-10T12:43:26+00:00","author":{"@id":"https:\/\/vectura.be\/de\/#\/schema\/person\/805a5f133f06a1095ddb1991697c8913"},"description":"Entdecken Sie die Pr\u00e4mien, Anreize und Beihilfen f\u00fcr die Installation Ihrer Solarmodule in Wallonien im Jahr 2025 - Inhalt aktualisiert.","breadcrumb":{"@id":"https:\/\/vectura.be\/de\/wie-hoch-sind-die-zuschuesse-und-praemien-fuer-photovoltaikmodule-im-jahr-2025\/#breadcrumb"},"inLanguage":"de","potentialAction":[{"@type":"ReadAction","target":["https:\/\/vectura.be\/de\/wie-hoch-sind-die-zuschuesse-und-praemien-fuer-photovoltaikmodule-im-jahr-2025\/"]}]},{"@type":"ImageObject","inLanguage":"de","@id":"https:\/\/vectura.be\/de\/wie-hoch-sind-die-zuschuesse-und-praemien-fuer-photovoltaikmodule-im-jahr-2025\/#primaryimage","url":"https:\/\/vectura.be\/wp-content\/uploads\/2024\/12\/Panneaux-7.jpg","contentUrl":"https:\/\/vectura.be\/wp-content\/uploads\/2024\/12\/Panneaux-7.jpg","width":1920,"height":1440,"caption":"Installation von Photovoltaik-Paneelen in Wohnanlagen"},{"@type":"BreadcrumbList","@id":"https:\/\/vectura.be\/de\/wie-hoch-sind-die-zuschuesse-und-praemien-fuer-photovoltaikmodule-im-jahr-2025\/#breadcrumb","itemListElement":[{"@type":"ListItem","position":1,"name":"Home","item":"https:\/\/vectura.be\/de\/"},{"@type":"ListItem","position":2,"name":"Wie hoch sind die Zusch\u00fcsse und Pr\u00e4mien f\u00fcr Photovoltaikmodule im Jahr 2025?"}]},{"@type":"WebSite","@id":"https:\/\/vectura.be\/de\/#website","url":"https:\/\/vectura.be\/de\/","name":"Vectura","description":"Bornes de recharge pour v\u00e9hicules \u00e9lectriques.","potentialAction":[{"@type":"SearchAction","target":{"@type":"EntryPoint","urlTemplate":"https:\/\/vectura.be\/de\/?s={search_term_string}"},"query-input":{"@type":"PropertyValueSpecification","valueRequired":true,"valueName":"search_term_string"}}],"inLanguage":"de"},{"@type":"Person","@id":"https:\/\/vectura.be\/de\/#\/schema\/person\/805a5f133f06a1095ddb1991697c8913","name":"Nicolas Nihon","image":{"@type":"ImageObject","inLanguage":"de","@id":"https:\/\/vectura.be\/de\/#\/schema\/person\/image\/","url":"https:\/\/secure.gravatar.com\/avatar\/055d9d7344004b2da06bc5ae2100d5d0cced86403d2114576b56e4d071867760?s=96&d=mm&r=g","contentUrl":"https:\/\/secure.gravatar.com\/avatar\/055d9d7344004b2da06bc5ae2100d5d0cced86403d2114576b56e4d071867760?s=96&d=mm&r=g","caption":"Nicolas Nihon"},"url":"https:\/\/vectura.be\/de\/author\/nicolasnihon\/"}]}},"_links":{"self":[{"href":"https:\/\/vectura.be\/de\/wp-json\/wp\/v2\/posts\/5820","targetHints":{"allow":["GET"]}}],"collection":[{"href":"https:\/\/vectura.be\/de\/wp-json\/wp\/v2\/posts"}],"about":[{"href":"https:\/\/vectura.be\/de\/wp-json\/wp\/v2\/types\/post"}],"author":[{"embeddable":true,"href":"https:\/\/vectura.be\/de\/wp-json\/wp\/v2\/users\/4"}],"replies":[{"embeddable":true,"href":"https:\/\/vectura.be\/de\/wp-json\/wp\/v2\/comments?post=5820"}],"version-history":[{"count":1,"href":"https:\/\/vectura.be\/de\/wp-json\/wp\/v2\/posts\/5820\/revisions"}],"predecessor-version":[{"id":5821,"href":"https:\/\/vectura.be\/de\/wp-json\/wp\/v2\/posts\/5820\/revisions\/5821"}],"wp:featuredmedia":[{"embeddable":true,"href":"https:\/\/vectura.be\/de\/wp-json\/wp\/v2\/media\/5310"}],"wp:attachment":[{"href":"https:\/\/vectura.be\/de\/wp-json\/wp\/v2\/media?parent=5820"}],"wp:term":[{"taxonomy":"category","embeddable":true,"href":"https:\/\/vectura.be\/de\/wp-json\/wp\/v2\/categories?post=5820"},{"taxonomy":"post_tag","embeddable":true,"href":"https:\/\/vectura.be\/de\/wp-json\/wp\/v2\/tags?post=5820"}],"curies":[{"name":"wp","href":"https:\/\/api.w.org\/{rel}","templated":true}]}}