{"id":5676,"date":"2025-07-30T10:24:17","date_gmt":"2025-07-30T10:24:17","guid":{"rendered":"http:\/\/vectura-new.local\/ladestationen-auf-parkplaetzen-was-frueher-ein-plus-war-wird-2025-zur-norm\/"},"modified":"2025-12-10T09:54:52","modified_gmt":"2025-12-10T09:54:52","slug":"ladestationen-auf-parkplaetzen-was-frueher-ein-plus-war-wird-2025-zur-norm","status":"publish","type":"post","link":"https:\/\/vectura.be\/de\/ladestationen-auf-parkplaetzen-was-frueher-ein-plus-war-wird-2025-zur-norm\/","title":{"rendered":"Ladestationen auf Parkpl\u00e4tzen: Was fr\u00fcher ein Plus war, wird 2025 zur Norm."},"content":{"rendered":"<p><span style=\"font-weight: 400;\">Die Zahl der Elektrofahrzeuge steigt. Um dieser Nachfrage gerecht zu werden, <\/span><b>werden Ladestationen auf Parkpl\u00e4tzen zur Pflicht.<\/b><span style=\"font-weight: 400;\"> wird zu einer \u00fcblichen Einrichtung, manchmal sogar zur Pflicht. Sie sehen sie bereits in Superm\u00e4rkten, Unternehmen oder auf \u00f6ffentlichen Parkpl\u00e4tzen und dieser Trend wird sich noch verst\u00e4rken. <\/span> <\/p>\n<p><span style=\"font-weight: 400;\">Wir helfen Ihnen, vorausschauend zu handeln, indem wir erkl\u00e4ren, was das Gesetz sagt und wie Sie Ihren Parkplatz anpassen k\u00f6nnen, ohne dass es zu sp\u00e4t ist.<\/span><\/p>\n<div id=\"ez-toc-container\" class=\"ez-toc-v2_0_80 counter-hierarchy ez-toc-counter ez-toc-transparent ez-toc-container-direction\">\n<div class=\"ez-toc-title-container\">\n<p class=\"ez-toc-title\" style=\"cursor:inherit\">Contenu de l&#039;article<\/p>\n<span class=\"ez-toc-title-toggle\"><\/span><\/div>\n<nav><ul class='ez-toc-list ez-toc-list-level-1 ' ><li class='ez-toc-page-1 ez-toc-heading-level-2'><a class=\"ez-toc-link ez-toc-heading-1\" href=\"https:\/\/vectura.be\/de\/ladestationen-auf-parkplaetzen-was-frueher-ein-plus-war-wird-2025-zur-norm\/#Wo_finde_ich_eine_Ladestation\" >Wo finde ich eine Ladestation?<\/a><\/li><li class='ez-toc-page-1 ez-toc-heading-level-2'><a class=\"ez-toc-link ez-toc-heading-2\" href=\"https:\/\/vectura.be\/de\/ladestationen-auf-parkplaetzen-was-frueher-ein-plus-war-wird-2025-zur-norm\/#Gesetzliche_Verpflichtungen_und_Standards_die_bis_2025_erfuellt_werden_muessen\" >Gesetzliche Verpflichtungen und Standards, die bis 2025 erf\u00fcllt werden m\u00fcssen<\/a><\/li><li class='ez-toc-page-1 ez-toc-heading-level-2'><a class=\"ez-toc-link ez-toc-heading-3\" href=\"https:\/\/vectura.be\/de\/ladestationen-auf-parkplaetzen-was-frueher-ein-plus-war-wird-2025-zur-norm\/#Welche_Arten_von_Ladationen_gibt_es_auf_oeffentlichen_Parkplaetzen\" >Welche Arten von Ladationen gibt es auf \u00f6ffentlichen Parkpl\u00e4tzen?<\/a><\/li><li class='ez-toc-page-1 ez-toc-heading-level-2'><a class=\"ez-toc-link ez-toc-heading-4\" href=\"https:\/\/vectura.be\/de\/ladestationen-auf-parkplaetzen-was-frueher-ein-plus-war-wird-2025-zur-norm\/#Preise_Dauer_Zahlungsmethoden_fuer_das_Aufladen_an_einer_Ladestation_in_einem_Parkhaus\" >Preise, Dauer, Zahlungsmethoden f\u00fcr das Aufladen an einer Ladestation in einem Parkhaus<\/a><\/li><li class='ez-toc-page-1 ez-toc-heading-level-2'><a class=\"ez-toc-link ez-toc-heading-5\" href=\"https:\/\/vectura.be\/de\/ladestationen-auf-parkplaetzen-was-frueher-ein-plus-war-wird-2025-zur-norm\/#Fallstudie_%E2%80%93_Ausgestatteter_Ausstellungsparkplatz_in_Bruessel\" >Fallstudie &#8211; Ausgestatteter Ausstellungsparkplatz in Br\u00fcssel<\/a><\/li><li class='ez-toc-page-1 ez-toc-heading-level-2'><a class=\"ez-toc-link ez-toc-heading-6\" href=\"https:\/\/vectura.be\/de\/ladestationen-auf-parkplaetzen-was-frueher-ein-plus-war-wird-2025-zur-norm\/#Was_Sie_ueber_Ladestationen_auf_Parkplaetzen_wissen_sollten\" >Was Sie \u00fcber Ladestationen auf Parkpl\u00e4tzen wissen sollten<\/a><\/li><\/ul><\/nav><\/div>\n<h2><span class=\"ez-toc-section\" id=\"Wo_finde_ich_eine_Ladestation\"><\/span><span style=\"font-weight: 400;\">Wo finde ich eine Ladestation?<\/span><span class=\"ez-toc-section-end\"><\/span><\/h2>\n<p><span style=\"font-weight: 400;\">Es gibt immer mehr Parkpl\u00e4tze. <\/span><b>Parkpl\u00e4tze werden mit Ladestationen ausgestattet.<\/b><span style=\"font-weight: 400;\">. Einige sind f\u00fcr alle zug\u00e4nglich, andere sind f\u00fcr den internen Gebrauch reserviert. Hier sind die h\u00e4ufigsten F\u00e4lle.<\/span><\/p>\n<h3><span style=\"font-weight: 400;\">\u00d6ffentliche Parkpl\u00e4tze<\/span><\/h3>\n<p><span style=\"font-weight: 400;\">Diese werden in der Regel von der Gemeinde oder Stadt verwaltet. H\u00e4ufig gibt es auch Parkpl\u00e4tze. <\/span><b>ladestationen in Parkh\u00e4usern und auf Parkpl\u00e4tzen.<\/b><span style=\"font-weight: 400;\"> von Stadtzentren, Gesch\u00e4ften oder Verkehrsmitteln. Sie haben freien Zugang und zahlen pro Minute oder Kilowattstunde.<\/span><\/p>\n<h3><span style=\"font-weight: 400;\">Parkpl\u00e4tze f\u00fcr \u00f6ffentliche Einrichtungen und Unternehmen<\/span><\/h3>\n<p><span style=\"font-weight: 400;\">Auf Parkpl\u00e4tzen von Unternehmen, Krankenh\u00e4usern, Hotels oder Flughafenparkpl\u00e4tzen, <\/span><b>wird die Ladestation von den Mitarbeitern genutzt.<\/b><span style=\"font-weight: 400;\"> wird von Mitarbeitern oder Besuchern genutzt. Sie werden immer h\u00e4ufiger nachgefragt&#8230; und manchmal sogar genutzt. <\/span><b>sogar obligatorisch<\/b><span style=\"font-weight: 400;\">.<\/span><\/p>\n<h3><span style=\"font-weight: 400;\">Kommerzielle Parkpl\u00e4tze<\/span><\/h3>\n<p><span style=\"font-weight: 400;\">Auf den Parkpl\u00e4tzen von Superm\u00e4rkten, Gesch\u00e4ften oder Galerien, &#8230;.. Sie k\u00f6nnen Ihr Auto dort f\u00fcr die Dauer des Einkaufs abstellen und mit einem beladenen Auto wieder wegfahren. <\/span><\/p>\n<h3><span style=\"font-weight: 400;\">Parkpl\u00e4tze f\u00fcr Anwohner<\/span><\/h3>\n<p><span style=\"font-weight: 400;\">Mehrfamilienh\u00e4user werden nach und nach in die Parkpl\u00e4tze integriert. <\/span><b>ladestationen in ihren Parkh\u00e4usern ein.<\/b><span style=\"font-weight: 400;\">. Dies k\u00f6nnen private Ladestationen sein oder solche, die mit anderen Eigent\u00fcmern geteilt werden.<\/span><\/p>\n<img decoding=\"async\" class=\"wp-image-4443 size-medium alignnone\" src=\"https:\/\/vectura.be\/wp-content\/uploads\/2025\/01\/recharger-voiture-electrique-300x197.png\" alt=\"\" width=\"300\" height=\"197\" srcset=\"https:\/\/vectura.be\/wp-content\/uploads\/2025\/01\/recharger-voiture-electrique-300x197.png 300w, https:\/\/vectura.be\/wp-content\/uploads\/2025\/01\/recharger-voiture-electrique.png 512w\" sizes=\"(max-width: 300px) 100vw, 300px\" \/>\n<h2><span class=\"ez-toc-section\" id=\"Gesetzliche_Verpflichtungen_und_Standards_die_bis_2025_erfuellt_werden_muessen\"><\/span><span style=\"font-weight: 400;\">Gesetzliche Verpflichtungen und Standards, die bis 2025 erf\u00fcllt werden m\u00fcssen<\/span><span class=\"ez-toc-section-end\"><\/span><\/h2>\n<p><span style=\"font-weight: 400;\">In Belgien gelten die Vorschriften f\u00fcr die Installation einer Parkgarage in einem Parkhaus. <\/span><b>Ladestationen in einem Parkhaus.<\/b><span style=\"font-weight: 400;\"> ist je nach Region unterschiedlich. <\/span><b>Region<\/b><span style=\"font-weight: 400;\"> (Wallonien, Flandern, Br\u00fcssel) und je nach Art des Parkhauses. <\/span><b>Art des Geb\u00e4udes<\/b><span style=\"font-weight: 400;\"> (neu, renoviert, privat oder \u00f6ffentlich).<\/span><\/p>\n<p><span style=\"font-weight: 400;\">Bei Nichteinhaltung k\u00f6nnen Bu\u00dfgelder verh\u00e4ngt werden. Es ist besser, vorausschauend zu handeln, als sp\u00e4ter zahlen zu m\u00fcssen. Hier ist das Wichtigste, was Sie wissen m\u00fcssen, um die Vorschriften im Jahr 2025 einzuhalten.  <\/span><\/p>\n<h3><span style=\"font-weight: 400;\">In Wallonien<\/span><\/h3>\n<p><span style=\"font-weight: 400;\">In Wallonien legt die PEB-Verordnung die Anforderungen f\u00fcr die Installation von Ladestationen f\u00fcr Elektrofahrzeuge fest.<\/span><\/p>\n<ul>\n<li style=\"font-weight: 400;\" aria-level=\"1\"><span style=\"font-weight: 400;\">Ab <\/span><b>10 Parkpl\u00e4tze<\/b><span style=\"font-weight: 400;\">m\u00fcssen Sie f\u00fcr die Verkabelung von <\/span><b>mindestens 20% der Parkpl\u00e4tze.<\/b><span style=\"font-weight: 400;\"> der Stellpl\u00e4tze vorhanden sein.<\/span><span style=\"font-weight: 400;\"><br \/>\n<\/span><\/li>\n<li style=\"font-weight: 400;\" aria-level=\"1\"><span style=\"font-weight: 400;\">Seit dem 1. Januar 2025 m\u00fcssen Nichtwohngeb\u00e4ude mit mehr als 20 Parkpl\u00e4tzen mit einer Ladestation f\u00fcr mindestens einen von f\u00fcnf Parkpl\u00e4tzen ausgestattet sein.<\/span><span style=\"font-weight: 400;\"><br \/>\n<\/span><\/li>\n<li style=\"font-weight: 400;\" aria-level=\"1\"><span style=\"font-weight: 400;\">Einige <\/span><b>Einige Gemeinden bieten Unterst\u00fctzung an.<\/b><span style=\"font-weight: 400;\">Dies h\u00e4ngt jedoch von den lokalen Budgets ab. F\u00fcr weitere Informationen wenden Sie sich bitte an Ihre Gemeindeverwaltung.<\/span><span style=\"font-weight: 400;\"><br \/>\n<\/span><\/li>\n<\/ul>\n<h3><span style=\"font-weight: 400;\">In Flandern<\/span><\/h3>\n<p><span style=\"font-weight: 400;\">Flandern schreibt auch Regeln f\u00fcr Parkpl\u00e4tze f\u00fcr \u00f6ffentliche Geb\u00e4ude, Gesch\u00e4fte oder Neubauten mit mehr als 10 Parkpl\u00e4tzen vor.<\/span><\/p>\n<ul>\n<li style=\"font-weight: 400;\" aria-level=\"1\"><span style=\"font-weight: 400;\">Die <\/span><b>Vorverkabelung<\/b><span style=\"font-weight: 400;\"> ist obligatorisch f\u00fcr <\/span><b>20 % der Stellpl\u00e4tze<\/b><span style=\"font-weight: 400;\">.<\/span><span style=\"font-weight: 400;\"><br \/>\n<\/span><\/li>\n<li style=\"font-weight: 400;\" aria-level=\"1\"><span style=\"font-weight: 400;\">Sie m\u00fcssen installieren <\/span><b>mindestens 1 Ladestation<\/b><span style=\"font-weight: 400;\"> auf jedem \u00f6ffentlich zug\u00e4nglichen Parkplatz<\/span><span style=\"font-weight: 400;\"><br \/>\n<\/span><\/li>\n<li style=\"font-weight: 400;\" aria-level=\"1\"><span style=\"font-weight: 400;\">Die Preise f\u00fcr das Nachf\u00fcllen m\u00fcssen<\/span><b> angezeigt werden<\/b><span style=\"font-weight: 400;\">.<\/span><span style=\"font-weight: 400;\"><br \/>\n<\/span><\/li>\n<li style=\"font-weight: 400;\" aria-level=\"1\"><span style=\"font-weight: 400;\">Die Unternehmen k\u00f6nnen <\/span><b>einen Teil der Kosten von der Steuer absetzen<\/b><span style=\"font-weight: 400;\"> in ihrer Steuererkl\u00e4rung abziehen.<\/span><span style=\"font-weight: 400;\"><br \/>\n<\/span><\/li>\n<\/ul>\n<h3><span style=\"font-weight: 400;\">In Br\u00fcssel<\/span><\/h3>\n<p><span style=\"font-weight: 400;\">Br\u00fcssel w\u00e4hlt einen schrittweisen Ansatz mit einem ehrgeizigen Plan zur Entwicklung von Ladestationen.<\/span><\/p>\n<ul>\n<li style=\"font-weight: 400;\" aria-level=\"1\"><span style=\"font-weight: 400;\">Ab <\/span><b>10 Pl\u00e4tze<\/b><span style=\"font-weight: 400;\">m\u00fcssen f\u00fcr mindestens 10 Pl\u00e4tze aktive Poller installiert werden. <\/span><b>10 %<\/b><span style=\"font-weight: 400;\"> der Stellpl\u00e4tze in B\u00fcros und <\/span><b>5 %<\/b><span style=\"font-weight: 400;\"> in anderen Geb\u00e4uden.<\/span><span style=\"font-weight: 400;\"><br \/>\n<\/span><\/li>\n<li style=\"font-weight: 400;\" aria-level=\"1\"><span style=\"font-weight: 400;\">Wenn \u00f6ffentliche Gelder verwendet werden, m\u00fcssen die Terminals verf\u00fcgbar sein. <\/span><b>f\u00fcr alle zug\u00e4nglich sein.<\/b><span style=\"font-weight: 400;\">.<\/span><span style=\"font-weight: 400;\"><br \/>\n<\/span><\/li>\n<li style=\"font-weight: 400;\" aria-level=\"1\"><span style=\"font-weight: 400;\">Eine <\/span><b>Leitfaden<\/b><span style=\"font-weight: 400;\"> Es gibt einen Leitfaden, der Eigent\u00fcmergemeinschaften bei der Auswahl und Einhaltung der Vorschriften hilft. Erkundigen Sie sich bei Ihrer Gemeinde.<\/span><\/li>\n<\/ul>\n<h2><span class=\"ez-toc-section\" id=\"Welche_Arten_von_Ladationen_gibt_es_auf_oeffentlichen_Parkplaetzen\"><\/span><span style=\"font-weight: 400;\">Welche Arten von Ladationen gibt es auf \u00f6ffentlichen Parkpl\u00e4tzen?<\/span><span class=\"ez-toc-section-end\"><\/span><\/h2>\n<p><span style=\"font-weight: 400;\">Auf \u00f6ffentlichen Parkpl\u00e4tzen, <\/span><b>sind die Ladestationen unterschiedlich.<\/b><span style=\"font-weight: 400;\"> k\u00f6nnen unterschiedlich sein. Es gibt <\/span><a href=\"https:\/\/vectura.be\/de\/?page_id=5359\"><span style=\"font-weight: 400;\">verschiedene Modelle<\/span><\/a><span style=\"font-weight: 400;\"> je nach Leistung, Stromart und Technologie. Hier ist, was Sie heute in Belgien finden k\u00f6nnen.<\/span><\/p>\n<h3><span style=\"font-weight: 400;\">AC- oder DC-Anschluss: Was ist der Unterschied?<\/span><\/h3>\n<ul>\n<li style=\"font-weight: 400;\" aria-level=\"1\"><b>AC (Wechselstrom)<\/b><span style=\"font-weight: 400;\"> AC: Dies ist die gebr\u00e4uchlichste Art des Aufladens. Sie eignet sich f\u00fcr normales Laden (3 bis 22 kW). Ideal f\u00fcr Aufenthalte von 1 bis 3 Stunden.<\/span><span style=\"font-weight: 400;\"><br \/>\n<\/span><\/li>\n<li><b>DC (Gleichstrom)<\/b><span style=\"font-weight: 400;\"> : Wird f\u00fcr das Schnellladen verwendet. Die DC-Ladestationen haben eine Leistung von 50 bis 350 kW. Sie k\u00f6nnen in 20 bis 40 Minuten bis zu 80 % der Batteriekapazit\u00e4t wiederherstellen.<\/span><span style=\"font-weight: 400;\"><br \/>\n<\/span><\/li>\n<\/ul>\n<p>&nbsp;<\/p>\n<table border=\"1\" cellspacing=\"0\" cellpadding=\"8\">\n<thead>\n<tr>\n<th>Typ der Ladestation<\/th>\n<th>Leistung (kW)<\/th>\n<th>Ladezeit (ungef\u00e4hr)<\/th>\n<th>Empfohlene Nutzung<\/th>\n<\/tr>\n<\/thead>\n<tbody>\n<tr>\n<td>AC Standard (7,4 kW)<\/td>\n<td>7,4<\/td>\n<td>4 bis 6 Stunden<\/td>\n<td>Firmenparkplatz, Hotel<\/td>\n<\/tr>\n<tr>\n<td>AC verst\u00e4rkt (22 kW)<\/td>\n<td>22<\/td>\n<td>1 bis 2 Stunden<\/td>\n<td>Einkaufszentren<\/td>\n<\/tr>\n<tr>\n<td>DC schnell (50 bis 150 kW)<\/td>\n<td>50 \u00e0 150<\/td>\n<td>30 bis 60 Minuten<\/td>\n<td>Autobahnrastst\u00e4tten, Stra\u00dfen<\/td>\n<\/tr>\n<tr>\n<td>DC ultraschnell (bis zu 350)<\/td>\n<td>150 \u00e0 350<\/td>\n<td>15 bis 30 Minuten<\/td>\n<td>Lange Strecken, Verkehrsknotenpunkte<\/td>\n<\/tr>\n<\/tbody>\n<\/table>\n<p><span style=\"font-weight: 400;\">Die Mehrheit der <\/span><b>Die meisten Ladestationen in Parkh\u00e4usern verf\u00fcgen \u00fcber einen 2.2-Anschluss.<\/b><span style=\"font-weight: 400;\"> bieten mindestens eine Typ 2 und eine CCS-Steckdose. Dies ist das Minimum, um die Kompatibilit\u00e4t mit allen neueren Elektrofahrzeugen zu gew\u00e4hrleisten.<\/span><\/p>\n<h2><span class=\"ez-toc-section\" id=\"Preise_Dauer_Zahlungsmethoden_fuer_das_Aufladen_an_einer_Ladestation_in_einem_Parkhaus\"><\/span><span style=\"font-weight: 400;\">Preise, Dauer, Zahlungsmethoden f\u00fcr das Aufladen an einer Ladestation in einem Parkhaus<\/span><span class=\"ez-toc-section-end\"><\/span><\/h2>\n<p><span style=\"font-weight: 400;\">Sie m\u00f6chten wissen, wie viel eine Fahrt auf den Parkpl\u00e4tzen kostet? <\/span><b>das Aufladen an einer Ladestation in Parkh\u00e4usern kostet.<\/b><span style=\"font-weight: 400;\"> ? Hier sind die aktuellsten Informationen (Juli 2025), damit Sie sich ein Bild machen k\u00f6nnen.<\/span><\/p>\n<h3><span style=\"font-weight: 400;\">Dauer der Aufladung<\/span><\/h3>\n<p><span style=\"font-weight: 400;\">Dies h\u00e4ngt von der verwendeten Ladestation und Ihrem Fahrzeug ab. Im Durchschnitt : <\/span><\/p>\n<ul>\n<li style=\"font-weight: 400;\" aria-level=\"1\"><span style=\"font-weight: 400;\">An einer 22 kW AC-Ladestation ben\u00f6tigen Sie <\/span><b>3 bis 6 Stunden<\/b><span style=\"font-weight: 400;\">.<\/span><span style=\"font-weight: 400;\"><br \/>\n<\/span><\/li>\n<li style=\"font-weight: 400;\" aria-level=\"1\"><span style=\"font-weight: 400;\">An einer DC 50 kW Ladestation, <\/span><b>30 bis 60 Minuten.<\/b><span style=\"font-weight: 400;\"> ausreichend.<\/span><span style=\"font-weight: 400;\"><br \/>\n<\/span><\/li>\n<li style=\"font-weight: 400;\" aria-level=\"1\"><span style=\"font-weight: 400;\">Mit einer Schnellladestation k\u00f6nnen Sie in 20 Minuten 80% der Energie zur\u00fcckgewinnen.<\/span><span style=\"font-weight: 400;\"><br \/>\n<\/span><\/li>\n<\/ul>\n<h3><span style=\"font-weight: 400;\">Preisgestaltung<\/span><\/h3>\n<p><span style=\"font-weight: 400;\">Dies h\u00e4ngt vom Betreiber ab&#8230; Hier sind die drei h\u00e4ufigsten Modelle:<\/span><\/p>\n<p>&nbsp;<\/p>\n<table border=\"1\" cellspacing=\"0\" cellpadding=\"8\">\n<thead>\n<tr>\n<th>Art der Rechnungsstellung<\/th>\n<th>Festgestellter Durchschnittspreis<\/th>\n<\/tr>\n<\/thead>\n<tbody>\n<tr>\n<td>pro verbrauchter kWh<\/td>\n<td>0,35 bis 0,70 \u20ac \/ kWh<\/td>\n<\/tr>\n<tr>\n<td>Nach Zeit (pro Minute)<\/td>\n<td>0,10 bis 0,50 \u20ac \/ Min.<\/td>\n<\/tr>\n<tr>\n<td>Pauschale + Sitzungsgeb\u00fchr<\/td>\n<td>1 \u20ac pro Sitzung + kWh\/Minuten<\/td>\n<\/tr>\n<\/tbody>\n<\/table>\n<h3><span style=\"font-weight: 400;\">Akzeptierte Zahlungsmethoden<\/span><\/h3>\n<p><span style=\"font-weight: 400;\">Heute werden mehrere L\u00f6sungen angeboten:  <\/span><\/p>\n<ul>\n<li style=\"font-weight: 400;\" aria-level=\"1\"><b>Aufladekarte<\/b><span style=\"font-weight: 400;\"><br \/>\n<\/span><\/li>\n<li style=\"font-weight: 400;\" aria-level=\"1\"><b>Mobile Anwendung<\/b><b><br \/>\n<\/b><\/li>\n<li style=\"font-weight: 400;\" aria-level=\"1\"><b>Zahlung per QR-Code<\/b><b><br \/>\n<\/b><\/li>\n<li><b>Bankkartenterminal<\/b><span style=\"font-weight: 400;\"> (h\u00e4ufiger in Flandern)<\/span><span style=\"font-weight: 400;\"><br \/>\n<\/span><\/li>\n<\/ul>\n<h2><span class=\"ez-toc-section\" id=\"Fallstudie_%E2%80%93_Ausgestatteter_Ausstellungsparkplatz_in_Bruessel\"><\/span><span style=\"font-weight: 400;\">Fallstudie &#8211; Ausgestatteter Ausstellungsparkplatz in Br\u00fcssel<\/span><span class=\"ez-toc-section-end\"><\/span><\/h2>\n<p><span style=\"font-weight: 400;\">Eine tempor\u00e4re Ausstellung in Br\u00fcssel wurde t\u00e4glich von Hunderten von Besuchern und etwa 50 Mitarbeitern besucht. Um die Elektrofahrzeuge aufladen zu k\u00f6nnen und die regionalen Normen zu erf\u00fcllen, wandten sich die Organisatoren an Vectura, um den Parkplatz des Gel\u00e4ndes auszustatten. <\/span><\/p>\n<h3><span style=\"font-weight: 400;\">Die von unserem Team umgesetzte L\u00f6sung<\/span><\/h3>\n<p><span style=\"font-weight: 400;\">Nach einer technischen Besichtigung und einer Bedarfsanalyse installierte unser Team vier 22 kW Wechselstrom-Ladestationen, die sowohl f\u00fcr Mitarbeiter als auch f\u00fcr Besucher zug\u00e4nglich sind. Das Ziel war es, eine elektrische Ladel\u00f6sung anzubieten. <\/span><\/p>\n<p><span style=\"font-weight: 400;\">Also, worauf warten Sie noch, um Informationen zur Ausstattung Ihrer Veranstaltung oder Ihres Standortes anzufordern?<\/span><\/p>\n<h2><span class=\"ez-toc-section\" id=\"Was_Sie_ueber_Ladestationen_auf_Parkplaetzen_wissen_sollten\"><\/span><span style=\"font-weight: 400;\">Was Sie \u00fcber Ladestationen auf Parkpl\u00e4tzen wissen sollten<\/span><span class=\"ez-toc-section-end\"><\/span><\/h2>\n<p><span style=\"font-weight: 400;\">Planen Sie eine Ladestation in Ihrem Parkhaus zu installieren? Das ist eine gute Idee! Sie werden damit nicht nur die Erwartungen der Besitzer von Elektrofahrzeugen erf\u00fcllen, sondern auch die gesetzlichen Anforderungen.    <\/span><\/p>\n<p><span style=\"font-weight: 400;\">Um Sie bei jedem Schritt zu unterst\u00fctzen, begleitet Sie unser Team vom ersten Austausch bis zu den abschlie\u00dfenden Tests nach der Installation.<\/span><\/p>\n<p><span style=\"font-weight: 400;\">Haben Sie eine Frage? <\/span><a href=\"https:\/\/vectura.be\/de\/kontakt\/#form\"><span style=\"font-weight: 400;\">Nehmen Sie Kontakt auf<\/span><\/a><span style=\"font-weight: 400;\"> Nehmen Sie Kontakt mit uns auf und <\/span><a href=\"https:\/\/vectura.be\/de\/kontakt\/#form\"><span style=\"font-weight: 400;\">Vereinbaren Sie einen Termin mit uns.<\/span><\/a><span style=\"font-weight: 400;\"> mit einem unserer Experten.<\/span><\/p>\n","protected":false},"excerpt":{"rendered":"<p>Die Zahl der Elektrofahrzeuge steigt. Um dieser Nachfrage gerecht zu werden, werden Ladestationen auf Parkpl\u00e4tzen zur Pflicht. wird zu einer \u00fcblichen Einrichtung, manchmal sogar zur Pflicht. Sie sehen sie bereits in Superm\u00e4rkten, Unternehmen oder auf \u00f6ffentlichen Parkpl\u00e4tzen und dieser Trend wird sich noch verst\u00e4rken. Wir helfen Ihnen, vorausschauend zu handeln, indem wir erkl\u00e4ren, was das [&hellip;]<\/p>\n","protected":false},"author":2,"featured_media":5677,"comment_status":"open","ping_status":"open","sticky":false,"template":"","format":"standard","meta":{"_acf_changed":false,"footnotes":""},"categories":[26],"tags":[],"class_list":["post-5676","post","type-post","status-publish","format-standard","has-post-thumbnail","hentry","category-ladationen"],"acf":[],"yoast_head":"<!-- This site is optimized with the Yoast SEO plugin v26.7 - https:\/\/yoast.com\/wordpress\/plugins\/seo\/ -->\n<title>Alles \u00fcber ladestationen auf Parkpl\u00e4tzen<\/title>\n<meta name=\"description\" content=\"Ab 2025 m\u00fcssen Parkh\u00e4user Ladestationen f\u00fcr Elektroautos anbieten. Erfahren Sie mehr \u00fcber die neuen Regeln und wie Sie diese einhalten k\u00f6nnen.\" \/>\n<meta name=\"robots\" content=\"index, follow, max-snippet:-1, max-image-preview:large, max-video-preview:-1\" \/>\n<link rel=\"canonical\" href=\"https:\/\/vectura.be\/de\/ladestationen-auf-parkplaetzen-was-frueher-ein-plus-war-wird-2025-zur-norm\/\" \/>\n<meta property=\"og:locale\" content=\"de_DE\" \/>\n<meta property=\"og:type\" content=\"article\" \/>\n<meta property=\"og:title\" content=\"Alles \u00fcber ladestationen auf Parkpl\u00e4tzen\" \/>\n<meta property=\"og:description\" content=\"Ab 2025 m\u00fcssen Parkh\u00e4user Ladestationen f\u00fcr Elektroautos anbieten. Erfahren Sie mehr \u00fcber die neuen Regeln und wie Sie diese einhalten k\u00f6nnen.\" \/>\n<meta property=\"og:url\" content=\"https:\/\/vectura.be\/de\/ladestationen-auf-parkplaetzen-was-frueher-ein-plus-war-wird-2025-zur-norm\/\" \/>\n<meta property=\"og:site_name\" content=\"Vectura\" \/>\n<meta property=\"article:publisher\" content=\"https:\/\/www.facebook.com\/Vectura-106260158282055\" \/>\n<meta property=\"article:published_time\" content=\"2025-07-30T10:24:17+00:00\" \/>\n<meta property=\"article:modified_time\" content=\"2025-12-10T09:54:52+00:00\" \/>\n<meta property=\"og:image\" content=\"https:\/\/vectura.be\/wp-content\/uploads\/2025\/07\/Smappee-Pajot-scaled-1.jpg\" \/>\n\t<meta property=\"og:image:width\" content=\"1920\" \/>\n\t<meta property=\"og:image:height\" content=\"1080\" \/>\n\t<meta property=\"og:image:type\" content=\"image\/jpeg\" \/>\n<meta name=\"author\" content=\"Simon Bihain\" \/>\n<meta name=\"twitter:card\" content=\"summary_large_image\" \/>\n<meta name=\"twitter:label1\" content=\"Verfasst von\" \/>\n\t<meta name=\"twitter:data1\" content=\"Simon Bihain\" \/>\n\t<meta name=\"twitter:label2\" content=\"Gesch\u00e4tzte Lesezeit\" \/>\n\t<meta name=\"twitter:data2\" content=\"6\u00a0Minute\" \/>\n<script type=\"application\/ld+json\" class=\"yoast-schema-graph\">{\"@context\":\"https:\/\/schema.org\",\"@graph\":[{\"@type\":\"Article\",\"@id\":\"https:\/\/vectura.be\/de\/ladestationen-auf-parkplaetzen-was-frueher-ein-plus-war-wird-2025-zur-norm\/#article\",\"isPartOf\":{\"@id\":\"https:\/\/vectura.be\/de\/ladestationen-auf-parkplaetzen-was-frueher-ein-plus-war-wird-2025-zur-norm\/\"},\"author\":{\"name\":\"Simon Bihain\",\"@id\":\"https:\/\/vectura.be\/de\/#\/schema\/person\/079c3f4a305c68032f3875262d607acc\"},\"headline\":\"Ladestationen auf Parkpl\u00e4tzen: Was fr\u00fcher ein Plus war, wird 2025 zur Norm.\",\"datePublished\":\"2025-07-30T10:24:17+00:00\",\"dateModified\":\"2025-12-10T09:54:52+00:00\",\"mainEntityOfPage\":{\"@id\":\"https:\/\/vectura.be\/de\/ladestationen-auf-parkplaetzen-was-frueher-ein-plus-war-wird-2025-zur-norm\/\"},\"wordCount\":1164,\"commentCount\":0,\"image\":{\"@id\":\"https:\/\/vectura.be\/de\/ladestationen-auf-parkplaetzen-was-frueher-ein-plus-war-wird-2025-zur-norm\/#primaryimage\"},\"thumbnailUrl\":\"https:\/\/vectura.be\/wp-content\/uploads\/2025\/07\/Smappee-Pajot-scaled-1.jpg\",\"articleSection\":[\"Ladationen\"],\"inLanguage\":\"de\",\"potentialAction\":[{\"@type\":\"CommentAction\",\"name\":\"Comment\",\"target\":[\"https:\/\/vectura.be\/de\/ladestationen-auf-parkplaetzen-was-frueher-ein-plus-war-wird-2025-zur-norm\/#respond\"]}]},{\"@type\":\"WebPage\",\"@id\":\"https:\/\/vectura.be\/de\/ladestationen-auf-parkplaetzen-was-frueher-ein-plus-war-wird-2025-zur-norm\/\",\"url\":\"https:\/\/vectura.be\/de\/ladestationen-auf-parkplaetzen-was-frueher-ein-plus-war-wird-2025-zur-norm\/\",\"name\":\"Alles \u00fcber ladestationen auf Parkpl\u00e4tzen\",\"isPartOf\":{\"@id\":\"https:\/\/vectura.be\/de\/#website\"},\"primaryImageOfPage\":{\"@id\":\"https:\/\/vectura.be\/de\/ladestationen-auf-parkplaetzen-was-frueher-ein-plus-war-wird-2025-zur-norm\/#primaryimage\"},\"image\":{\"@id\":\"https:\/\/vectura.be\/de\/ladestationen-auf-parkplaetzen-was-frueher-ein-plus-war-wird-2025-zur-norm\/#primaryimage\"},\"thumbnailUrl\":\"https:\/\/vectura.be\/wp-content\/uploads\/2025\/07\/Smappee-Pajot-scaled-1.jpg\",\"datePublished\":\"2025-07-30T10:24:17+00:00\",\"dateModified\":\"2025-12-10T09:54:52+00:00\",\"author\":{\"@id\":\"https:\/\/vectura.be\/de\/#\/schema\/person\/079c3f4a305c68032f3875262d607acc\"},\"description\":\"Ab 2025 m\u00fcssen Parkh\u00e4user Ladestationen f\u00fcr Elektroautos anbieten. Erfahren Sie mehr \u00fcber die neuen Regeln und wie Sie diese einhalten k\u00f6nnen.\",\"breadcrumb\":{\"@id\":\"https:\/\/vectura.be\/de\/ladestationen-auf-parkplaetzen-was-frueher-ein-plus-war-wird-2025-zur-norm\/#breadcrumb\"},\"inLanguage\":\"de\",\"potentialAction\":[{\"@type\":\"ReadAction\",\"target\":[\"https:\/\/vectura.be\/de\/ladestationen-auf-parkplaetzen-was-frueher-ein-plus-war-wird-2025-zur-norm\/\"]}]},{\"@type\":\"ImageObject\",\"inLanguage\":\"de\",\"@id\":\"https:\/\/vectura.be\/de\/ladestationen-auf-parkplaetzen-was-frueher-ein-plus-war-wird-2025-zur-norm\/#primaryimage\",\"url\":\"https:\/\/vectura.be\/wp-content\/uploads\/2025\/07\/Smappee-Pajot-scaled-1.jpg\",\"contentUrl\":\"https:\/\/vectura.be\/wp-content\/uploads\/2025\/07\/Smappee-Pajot-scaled-1.jpg\",\"width\":1920,\"height\":1080},{\"@type\":\"BreadcrumbList\",\"@id\":\"https:\/\/vectura.be\/de\/ladestationen-auf-parkplaetzen-was-frueher-ein-plus-war-wird-2025-zur-norm\/#breadcrumb\",\"itemListElement\":[{\"@type\":\"ListItem\",\"position\":1,\"name\":\"Home\",\"item\":\"https:\/\/vectura.be\/de\/\"},{\"@type\":\"ListItem\",\"position\":2,\"name\":\"Ladestationen auf Parkpl\u00e4tzen: Was fr\u00fcher ein Plus war, wird 2025 zur Norm.\"}]},{\"@type\":\"WebSite\",\"@id\":\"https:\/\/vectura.be\/de\/#website\",\"url\":\"https:\/\/vectura.be\/de\/\",\"name\":\"Vectura\",\"description\":\"Bornes de recharge pour v\u00e9hicules \u00e9lectriques.\",\"potentialAction\":[{\"@type\":\"SearchAction\",\"target\":{\"@type\":\"EntryPoint\",\"urlTemplate\":\"https:\/\/vectura.be\/de\/?s={search_term_string}\"},\"query-input\":{\"@type\":\"PropertyValueSpecification\",\"valueRequired\":true,\"valueName\":\"search_term_string\"}}],\"inLanguage\":\"de\"},{\"@type\":\"Person\",\"@id\":\"https:\/\/vectura.be\/de\/#\/schema\/person\/079c3f4a305c68032f3875262d607acc\",\"name\":\"Simon Bihain\",\"image\":{\"@type\":\"ImageObject\",\"inLanguage\":\"de\",\"@id\":\"https:\/\/vectura.be\/de\/#\/schema\/person\/image\/\",\"url\":\"https:\/\/secure.gravatar.com\/avatar\/a797220a6a512da1d9930e13ee824f51ee96efafbcee77c65187fd8188a082e7?s=96&d=mm&r=g\",\"contentUrl\":\"https:\/\/secure.gravatar.com\/avatar\/a797220a6a512da1d9930e13ee824f51ee96efafbcee77c65187fd8188a082e7?s=96&d=mm&r=g\",\"caption\":\"Simon Bihain\"},\"url\":\"https:\/\/vectura.be\/de\/author\/simon\/\"}]}<\/script>\n<!-- \/ Yoast SEO plugin. -->","yoast_head_json":{"title":"Alles \u00fcber ladestationen auf Parkpl\u00e4tzen","description":"Ab 2025 m\u00fcssen Parkh\u00e4user Ladestationen f\u00fcr Elektroautos anbieten. Erfahren Sie mehr \u00fcber die neuen Regeln und wie Sie diese einhalten k\u00f6nnen.","robots":{"index":"index","follow":"follow","max-snippet":"max-snippet:-1","max-image-preview":"max-image-preview:large","max-video-preview":"max-video-preview:-1"},"canonical":"https:\/\/vectura.be\/de\/ladestationen-auf-parkplaetzen-was-frueher-ein-plus-war-wird-2025-zur-norm\/","og_locale":"de_DE","og_type":"article","og_title":"Alles \u00fcber ladestationen auf Parkpl\u00e4tzen","og_description":"Ab 2025 m\u00fcssen Parkh\u00e4user Ladestationen f\u00fcr Elektroautos anbieten. Erfahren Sie mehr \u00fcber die neuen Regeln und wie Sie diese einhalten k\u00f6nnen.","og_url":"https:\/\/vectura.be\/de\/ladestationen-auf-parkplaetzen-was-frueher-ein-plus-war-wird-2025-zur-norm\/","og_site_name":"Vectura","article_publisher":"https:\/\/www.facebook.com\/Vectura-106260158282055","article_published_time":"2025-07-30T10:24:17+00:00","article_modified_time":"2025-12-10T09:54:52+00:00","og_image":[{"width":1920,"height":1080,"url":"https:\/\/vectura.be\/wp-content\/uploads\/2025\/07\/Smappee-Pajot-scaled-1.jpg","type":"image\/jpeg"}],"author":"Simon Bihain","twitter_card":"summary_large_image","twitter_misc":{"Verfasst von":"Simon Bihain","Gesch\u00e4tzte Lesezeit":"6\u00a0Minute"},"schema":{"@context":"https:\/\/schema.org","@graph":[{"@type":"Article","@id":"https:\/\/vectura.be\/de\/ladestationen-auf-parkplaetzen-was-frueher-ein-plus-war-wird-2025-zur-norm\/#article","isPartOf":{"@id":"https:\/\/vectura.be\/de\/ladestationen-auf-parkplaetzen-was-frueher-ein-plus-war-wird-2025-zur-norm\/"},"author":{"name":"Simon Bihain","@id":"https:\/\/vectura.be\/de\/#\/schema\/person\/079c3f4a305c68032f3875262d607acc"},"headline":"Ladestationen auf Parkpl\u00e4tzen: Was fr\u00fcher ein Plus war, wird 2025 zur Norm.","datePublished":"2025-07-30T10:24:17+00:00","dateModified":"2025-12-10T09:54:52+00:00","mainEntityOfPage":{"@id":"https:\/\/vectura.be\/de\/ladestationen-auf-parkplaetzen-was-frueher-ein-plus-war-wird-2025-zur-norm\/"},"wordCount":1164,"commentCount":0,"image":{"@id":"https:\/\/vectura.be\/de\/ladestationen-auf-parkplaetzen-was-frueher-ein-plus-war-wird-2025-zur-norm\/#primaryimage"},"thumbnailUrl":"https:\/\/vectura.be\/wp-content\/uploads\/2025\/07\/Smappee-Pajot-scaled-1.jpg","articleSection":["Ladationen"],"inLanguage":"de","potentialAction":[{"@type":"CommentAction","name":"Comment","target":["https:\/\/vectura.be\/de\/ladestationen-auf-parkplaetzen-was-frueher-ein-plus-war-wird-2025-zur-norm\/#respond"]}]},{"@type":"WebPage","@id":"https:\/\/vectura.be\/de\/ladestationen-auf-parkplaetzen-was-frueher-ein-plus-war-wird-2025-zur-norm\/","url":"https:\/\/vectura.be\/de\/ladestationen-auf-parkplaetzen-was-frueher-ein-plus-war-wird-2025-zur-norm\/","name":"Alles \u00fcber ladestationen auf Parkpl\u00e4tzen","isPartOf":{"@id":"https:\/\/vectura.be\/de\/#website"},"primaryImageOfPage":{"@id":"https:\/\/vectura.be\/de\/ladestationen-auf-parkplaetzen-was-frueher-ein-plus-war-wird-2025-zur-norm\/#primaryimage"},"image":{"@id":"https:\/\/vectura.be\/de\/ladestationen-auf-parkplaetzen-was-frueher-ein-plus-war-wird-2025-zur-norm\/#primaryimage"},"thumbnailUrl":"https:\/\/vectura.be\/wp-content\/uploads\/2025\/07\/Smappee-Pajot-scaled-1.jpg","datePublished":"2025-07-30T10:24:17+00:00","dateModified":"2025-12-10T09:54:52+00:00","author":{"@id":"https:\/\/vectura.be\/de\/#\/schema\/person\/079c3f4a305c68032f3875262d607acc"},"description":"Ab 2025 m\u00fcssen Parkh\u00e4user Ladestationen f\u00fcr Elektroautos anbieten. Erfahren Sie mehr \u00fcber die neuen Regeln und wie Sie diese einhalten k\u00f6nnen.","breadcrumb":{"@id":"https:\/\/vectura.be\/de\/ladestationen-auf-parkplaetzen-was-frueher-ein-plus-war-wird-2025-zur-norm\/#breadcrumb"},"inLanguage":"de","potentialAction":[{"@type":"ReadAction","target":["https:\/\/vectura.be\/de\/ladestationen-auf-parkplaetzen-was-frueher-ein-plus-war-wird-2025-zur-norm\/"]}]},{"@type":"ImageObject","inLanguage":"de","@id":"https:\/\/vectura.be\/de\/ladestationen-auf-parkplaetzen-was-frueher-ein-plus-war-wird-2025-zur-norm\/#primaryimage","url":"https:\/\/vectura.be\/wp-content\/uploads\/2025\/07\/Smappee-Pajot-scaled-1.jpg","contentUrl":"https:\/\/vectura.be\/wp-content\/uploads\/2025\/07\/Smappee-Pajot-scaled-1.jpg","width":1920,"height":1080},{"@type":"BreadcrumbList","@id":"https:\/\/vectura.be\/de\/ladestationen-auf-parkplaetzen-was-frueher-ein-plus-war-wird-2025-zur-norm\/#breadcrumb","itemListElement":[{"@type":"ListItem","position":1,"name":"Home","item":"https:\/\/vectura.be\/de\/"},{"@type":"ListItem","position":2,"name":"Ladestationen auf Parkpl\u00e4tzen: Was fr\u00fcher ein Plus war, wird 2025 zur Norm."}]},{"@type":"WebSite","@id":"https:\/\/vectura.be\/de\/#website","url":"https:\/\/vectura.be\/de\/","name":"Vectura","description":"Bornes de recharge pour v\u00e9hicules \u00e9lectriques.","potentialAction":[{"@type":"SearchAction","target":{"@type":"EntryPoint","urlTemplate":"https:\/\/vectura.be\/de\/?s={search_term_string}"},"query-input":{"@type":"PropertyValueSpecification","valueRequired":true,"valueName":"search_term_string"}}],"inLanguage":"de"},{"@type":"Person","@id":"https:\/\/vectura.be\/de\/#\/schema\/person\/079c3f4a305c68032f3875262d607acc","name":"Simon Bihain","image":{"@type":"ImageObject","inLanguage":"de","@id":"https:\/\/vectura.be\/de\/#\/schema\/person\/image\/","url":"https:\/\/secure.gravatar.com\/avatar\/a797220a6a512da1d9930e13ee824f51ee96efafbcee77c65187fd8188a082e7?s=96&d=mm&r=g","contentUrl":"https:\/\/secure.gravatar.com\/avatar\/a797220a6a512da1d9930e13ee824f51ee96efafbcee77c65187fd8188a082e7?s=96&d=mm&r=g","caption":"Simon Bihain"},"url":"https:\/\/vectura.be\/de\/author\/simon\/"}]}},"_links":{"self":[{"href":"https:\/\/vectura.be\/de\/wp-json\/wp\/v2\/posts\/5676","targetHints":{"allow":["GET"]}}],"collection":[{"href":"https:\/\/vectura.be\/de\/wp-json\/wp\/v2\/posts"}],"about":[{"href":"https:\/\/vectura.be\/de\/wp-json\/wp\/v2\/types\/post"}],"author":[{"embeddable":true,"href":"https:\/\/vectura.be\/de\/wp-json\/wp\/v2\/users\/2"}],"replies":[{"embeddable":true,"href":"https:\/\/vectura.be\/de\/wp-json\/wp\/v2\/comments?post=5676"}],"version-history":[{"count":1,"href":"https:\/\/vectura.be\/de\/wp-json\/wp\/v2\/posts\/5676\/revisions"}],"predecessor-version":[{"id":5680,"href":"https:\/\/vectura.be\/de\/wp-json\/wp\/v2\/posts\/5676\/revisions\/5680"}],"wp:featuredmedia":[{"embeddable":true,"href":"https:\/\/vectura.be\/de\/wp-json\/wp\/v2\/media\/5677"}],"wp:attachment":[{"href":"https:\/\/vectura.be\/de\/wp-json\/wp\/v2\/media?parent=5676"}],"wp:term":[{"taxonomy":"category","embeddable":true,"href":"https:\/\/vectura.be\/de\/wp-json\/wp\/v2\/categories?post=5676"},{"taxonomy":"post_tag","embeddable":true,"href":"https:\/\/vectura.be\/de\/wp-json\/wp\/v2\/tags?post=5676"}],"curies":[{"name":"wp","href":"https:\/\/api.w.org\/{rel}","templated":true}]}}